
{"id":2339,"date":"2019-09-02T18:07:02","date_gmt":"2019-09-02T16:07:02","guid":{"rendered":"http:\/\/blog.phoenixcontact.com\/marketing-pl\/?p=2339"},"modified":"2019-09-03T08:40:42","modified_gmt":"2019-09-03T06:40:42","slug":"dzial-logistyki-staly-rozwoj-od-1995-roku","status":"publish","type":"post","link":"https:\/\/blog.phoenixcontact.com\/marketing-pl\/dzial-logistyki-staly-rozwoj-od-1995-roku\/","title":{"rendered":"Dzia\u0142 Logistyki \u2013 sta\u0142y rozw\u00f3j od 1995 roku"},"content":{"rendered":"\n<h1 class=\"wp-block-heading\">Okazuje si\u0119, \u017ce wieloletni pracownicy Dzia\u0142u Logistyki s\u0105 w stanie pokona\u0107 czasoprzestrze\u0144! Agnieszka zosta\u0142a zatrudniona jako Specjalista ds. Logistyki, gdy jeszcze\u2026 nie by\u0142o logistyki, ani biura! Bogdan z kolei udowodni\u0142, \u017ce czasami to praca \u2013 w osobie samego Prezesa \u2013 przychodzi do cz\u0142owieka, a nie cz\u0142owiek do pracy. To tylko dwa przyk\u0142ady, ale ciekawych historii na prze\u0142omie kilkudziesi\u0119ciu lat by\u0142o w Dziale Logistyki niezwykle wiele. <\/h1>\n\n\n\n<figure class=\"wp-block-image\"><img loading=\"lazy\" decoding=\"async\" width=\"896\" height=\"676\" src=\"http:\/\/blog.phoenixcontact.com\/marketing-pl\/wp-content\/uploads\/sites\/4\/2019\/09\/25.png\" alt=\"\" class=\"wp-image-2340\" srcset=\"https:\/\/blog.phoenixcontact.com\/marketing-pl\/wp-content\/uploads\/sites\/4\/2019\/09\/25.png 896w, https:\/\/blog.phoenixcontact.com\/marketing-pl\/wp-content\/uploads\/sites\/4\/2019\/09\/25-300x226.png 300w, https:\/\/blog.phoenixcontact.com\/marketing-pl\/wp-content\/uploads\/sites\/4\/2019\/09\/25-768x579.png 768w, https:\/\/blog.phoenixcontact.com\/marketing-pl\/wp-content\/uploads\/sites\/4\/2019\/09\/25-624x471.png 624w\" sizes=\"auto, (max-width: 896px) 100vw, 896px\" \/><figcaption>  <em>Pracownicy Dzia\u0142u Logistyki z wyj\u0105tkowo d\u0142ugim sta\u017cem pracy. Od lewej: Adam Maziec (17 lat w PxCW), Artur Szczechowiak (23 lata), Agnieszka Schulc-Nolka (24 lata) i Bogdan Ginter (24 lata).<\/em> <\/figcaption><\/figure>\n\n\n\n<p style=\"color:#0098a1\" class=\"has-text-color\"><strong>Jak wspominacie\npierwsze lata pracy w naszej firmie?<\/strong><\/p>\n\n\n\n<p><strong>Agnieszka:<\/strong> Ciekawostk\u0105 jest to, \u017ce zosta\u0142am\nzatrudniona do dzia\u0142u Logistyki podczas gdy\u2026 nie by\u0142o jeszcze w firmie tego\ndzia\u0142u! Pami\u0119tam jeszcze okres, kiedy trwa\u0142a budowa firmy i przychodzi\u0142am\nzobaczy\u0107 swoje przysz\u0142e biuro. Mia\u0142am r\u00f3wnie\u017c okazj\u0119 zobaczy\u0107 wieniec, kt\u00f3ry\nzgodnie z polsk\u0105 tradycj\u0105 zawiesili budowla\u0144cy po sko\u0144czonej konstrukcji dachu\nbudynku pierwszej hali PXCW. Na samym pocz\u0105tku mojej pracy pojecha\u0142am na 2\ntygodnie do PxC w Blombergu, gdzie zobaczy\u0142am jak wygl\u0105da praca w Logistyce w\ndu\u017cej firmie oraz plany rozwoju logistyki i to mnie zachwyci\u0142o. Wtedy ju\u017c\npojawia\u0142y si\u0119 plany rozwojowe PxCW&nbsp; z docelowym\nzatrudnieniu oko\u0142o 2000 pracownik\u00f3w w ca\u0142ej firmie, kt\u00f3re by\u0142y dla mnie\nniewiarygodne jak na tamte czasy. A jednak sta\u0142o si\u0119! Wtedy logistyka by\u0142a\nczym\u015b zupe\u0142nie nieznanym na rynku, nie by\u0142o nawet studi\u00f3w logistycznych, a wi\u0119c\n\u2013 jak wszystko, co nowe \u2013 plany dotycz\u0105ce logistyki wzbudza\u0142y we mnie jakie\u015b\nobawy, co to b\u0119dzie\u2026<\/p>\n\n\n\n<p><strong>Artur:<\/strong> Ja z\nkolei przychodz\u0105c do pracy s\u0105dzi\u0142em, \u017ce tutaj montuje si\u0119 telewizory (\u015bmiech),\nwi\u0119c by\u0142em bardzo zaskoczony, gdy si\u0119 okaza\u0142o, \u017ce jednak chodzi o zupe\u0142nie inne\nprodukty. Ludzie niewiele wtedy wiedzieli o tym, co dzieje si\u0119 w tej firmie tak\ndok\u0142adnie, takie informacje nie by\u0142y og\u00f3lnodost\u0119pne. Zna\u0142em si\u0119 na elektronice,\nwi\u0119c dosta\u0142em si\u0119 na funkcjonuj\u0105cy kiedy\u015b dzia\u0142 CM \u2013 produkowano tam zasilacze,\nFLT i EMG.<\/p>\n\n\n\n<p><strong>Agnieszka:<\/strong> Nie ka\u017cdy, kto przychodzi\u0142 do pracy\nzna\u0142 si\u0119 na tym, co produkujemy. Artur zna\u0142 si\u0119 na elektronice, ale dla innych\nos\u00f3b by\u0142o to co\u015b zupe\u0142nie nowego. Jeszcze wi\u0119cej zainteresowania wzbudzi\u0142y\npierwsze automaty monta\u017cowe. Pami\u0119tam z jakim szokiem obserwowali\u015bmy monta\u017c\nartyku\u0142\u00f3w za pomoc\u0105 na maszyn G5 i G10!<\/p>\n\n\n\n<p><strong>Adam:<\/strong>\nMimo \u017ce teraz wydaje si\u0119, \u017ce s\u0105 to proste maszyny, to wtedy robi\u0142y ogromne\nwra\u017cenie! Ja akurat przychodz\u0105c do pracy, nie by\u0142em tak zaskoczony jak Artur \u2013\nwiedzia\u0142em, \u017ce firma nie produkuje telewizor\u00f3w. Poza tym wcze\u015bniej bra\u0142em te\u017c\nudzia\u0142 w kilku inwentaryzacjach. M\u00f3j brat zacz\u0105\u0142 prac\u0119 wcze\u015bniej ni\u017c ja, wi\u0119c\nmia\u0142em te\u017c od niego troch\u0119 informacji. Zreszt\u0105 oko\u0142o roku 2000 firma mia\u0142a ju\u017c\ndobr\u0105 renom\u0119 na rynku.<\/p>\n\n\n\n<p><strong>Bogdan:<\/strong> Zatrudnia\u0142em si\u0119 par\u0119 lat\nwcze\u015bniej i \u2013 co ciekawe \u2013 po tym, jak z\u0142o\u017cy\u0142em podanie do firmy, przyjecha\u0142 do\nmnie Pan Lippke z \u00f3wczesnym Prezesem. <\/p>\n\n\n\n<figure class=\"wp-block-image\"><img loading=\"lazy\" decoding=\"async\" width=\"896\" height=\"676\" src=\"http:\/\/blog.phoenixcontact.com\/marketing-pl\/wp-content\/uploads\/sites\/4\/2019\/09\/28.png\" alt=\"\" class=\"wp-image-2341\" srcset=\"https:\/\/blog.phoenixcontact.com\/marketing-pl\/wp-content\/uploads\/sites\/4\/2019\/09\/28.png 896w, https:\/\/blog.phoenixcontact.com\/marketing-pl\/wp-content\/uploads\/sites\/4\/2019\/09\/28-300x226.png 300w, https:\/\/blog.phoenixcontact.com\/marketing-pl\/wp-content\/uploads\/sites\/4\/2019\/09\/28-768x579.png 768w, https:\/\/blog.phoenixcontact.com\/marketing-pl\/wp-content\/uploads\/sites\/4\/2019\/09\/28-624x471.png 624w\" sizes=\"auto, (max-width: 896px) 100vw, 896px\" \/><figcaption> <em>Budowa zak\u0142adu przy ul. Celnej i przywieszony tradycyjny wieniec.<\/em> <\/figcaption><\/figure>\n\n\n\n<p style=\"color:#0098a1\" class=\"has-text-color\"><strong>Jak to si\u0119 sta\u0142o?<\/strong><\/p>\n\n\n\n<p><strong>Bogdan:<\/strong> Nie by\u0142o jeszcze wtedy\ntelefon\u00f3w, wi\u0119c gdy zdecydowano si\u0119 wybra\u0107 moje podanie, panowie przyjechali do\nmnie osobi\u015bcie. Jaki by\u0142em zaskoczony!<\/p>\n\n\n\n<p><strong>Artur:<\/strong> Ja przywioz\u0142em podanie do portierni. Pami\u0119tam, \u017ce wspominany cz\u0119sto przez nas Pan Portier mia\u0142 wtedy na sobie garnitur i przy sk\u0142adaniu podania podpyta\u0142 mnie o kilka rzeczy, bo on w ko\u0144cu wszystko wiedzia\u0142 o wszystkim \u2013 tak go wspominamy. Mia\u0142em szcz\u0119\u015bcie, \u017ce przyj\u0105\u0142 ode mnie dokumenty, bo wiem, \u017ce czasami odprawia\u0142 ludzi z kwitkiem z informacj\u0105, \u017ce nie ma pracy i nie przyjmuje.<\/p>\n\n\n\n<figure class=\"wp-block-image\"><img loading=\"lazy\" decoding=\"async\" width=\"896\" height=\"676\" src=\"http:\/\/blog.phoenixcontact.com\/marketing-pl\/wp-content\/uploads\/sites\/4\/2019\/09\/26.png\" alt=\"\" class=\"wp-image-2342\" srcset=\"https:\/\/blog.phoenixcontact.com\/marketing-pl\/wp-content\/uploads\/sites\/4\/2019\/09\/26.png 896w, https:\/\/blog.phoenixcontact.com\/marketing-pl\/wp-content\/uploads\/sites\/4\/2019\/09\/26-300x226.png 300w, https:\/\/blog.phoenixcontact.com\/marketing-pl\/wp-content\/uploads\/sites\/4\/2019\/09\/26-768x579.png 768w, https:\/\/blog.phoenixcontact.com\/marketing-pl\/wp-content\/uploads\/sites\/4\/2019\/09\/26-624x471.png 624w\" sizes=\"auto, (max-width: 896px) 100vw, 896px\" \/><figcaption> <em>Na zdj\u0119ciu widoczna Agnieszka Schulc-Nolka.<\/em> <\/figcaption><\/figure>\n\n\n\n<p style=\"color:#0098a1\" class=\"has-text-color\"><strong>A jak wygl\u0105da\u0142y zadania\nw obszarze logistyki?<\/strong><\/p>\n\n\n\n<p><strong>Agnieszka:<\/strong> Z pierwszymi latami pracy kojarzy\nmi si\u0119 praca na materia\u0142ach powierzonych ewidencjonowanych r\u0119cznie w\nkartotekach magazynowych bez udzia\u0142u \u017cadnego systemu oraz fakt, \u017ce przep\u0142yw\nmateria\u0142\u00f3w w transporcie mi\u0119dzynarodowym zwi\u0105zany by\u0142 odprawami celnymi. W\ntamtym okresie wszystko podlega\u0142o odprawom celnym! Czasami odprawa 1 auta na\nUrz\u0119dzie Celnym trwa\u0142a 8 godz., a w dzisiejszych czasach odprawa materia\u0142\u00f3w z\npoza UE odbywa si\u0119 w formie elektronicznej w czasie od 10 min do 1h.&nbsp; <\/p>\n\n\n\n<p><strong>Artur:<\/strong>\nA import? Niekiedy przyj\u0119cie importu trwa\u0142o tydzie\u0144. Wszystko r\u0119cznie trzeba\nsprawdzi\u0107 pod katem ilo\u015bciowym&nbsp; i ka\u017cd\u0105\nkontrol\u0119 nale\u017ca\u0142o r\u0119cznie zaewidencjonowa\u0107 i wypisa\u0107 etykiet\u0119 na skrzynki&nbsp; z danymi..<\/p>\n\n\n\n<p><strong>Agnieszka:<\/strong> Teraz mamy wygodne programy i\nsystemy\u2026 Jak sobie o tym pomy\u015bl\u0119, jak kiedy\u015b by\u0142o, to ci\u0119\u017cko mi uwierzy\u0107, \u017ce\ndawali\u015bmy rad\u0119. Nie wyobra\u017cam sobie, \u017ceby\u015bmy wr\u00f3cili do tamtego stanu bez\nobecnych technologii (\u015bmiech). Na samym pocz\u0105tku wi\u0119kszo\u015b\u0107&nbsp; dokument\u00f3w w tym r\u00f3wnie\u017c faktury sprzeda\u017cy\nby\u0142y pisane na maszynie do pisania \u2026<\/p>\n\n\n\n<p><strong>Bogdan:<\/strong> A i tak wra\u017cenie\nby\u0142o takie, \u017ce w tej firmie jest nowy sprz\u0119t! Nie by\u0142o w okolicy \u017cadnej\npodobnej firmy. U nas by\u0142 tylko jeden w\u00f3zek wid\u0142owy \u2013 bardzo d\u0142ugo jeszcze z\nniego korzystali\u015bmy. Wszystko w zasadzie by\u0142o rozk\u0142adane r\u0119cznie. Na pierwszym\nmagazynie by\u0142o ma\u0142o sk\u0142adowania, ewentualnie sk\u0142adowanie p\u00f3\u0142kowe. Wszystko na\nprodukcj\u0119 szykowali\u015bmy pod zlecenie.<\/p>\n\n\n\n<p><strong>Agnieszka:<\/strong> To nie by\u0142y takie ilo\u015bci jak teraz \u2013 skompletowane z cz\u0119\u015bci zam\u00f3wienie czasami mie\u015bci\u0142o si\u0119 w 1 skrzynce. A na magazynie pracowa\u0142\u2026 jeden magazynier. Gdy szykowali\u015bmy wysy\u0142ki, to wszyscy si\u0119 anga\u017cowali. Pami\u0119tam te\u017c, \u017ce Prezes Laskowski czasami osobi\u015bcie kontrolowa\u0142 post\u0119py w przygotowaniach wysy\u0142ki wyrobu gotowego. Zawsze pojawia\u0142 si\u0119 w momentach, gdy nikt si\u0119 tego nie spodziewa\u0142 \u2013 tak cicho chodzi\u0142\u2026\u00a0 \ud83d\ude42<\/p>\n\n\n\n<p><strong>&nbsp;Artur:<\/strong> A ja z kolei ze \u015bmiechem\nwspominam nasz\u0105 odzie\u017c robocz\u0105 \u2013 mieli\u015bmy takie kitle i gdy latem nosi\u0142o si\u0119\nkr\u00f3tkie spodenki to wygl\u0105dali\u015bmy tak, jakby\u015bmy nie mieli nic pod spodem\n(\u015bmiech)! Z czasem, aby odr\u00f3\u017cni\u0107 nasze ubrania od ubra\u0144 na produkcji, zosta\u0142y\nnam kupione czerwone ogrodniczki, a mechanicy mieli niebieskie.<\/p>\n\n\n\n<figure class=\"wp-block-image\"><img loading=\"lazy\" decoding=\"async\" width=\"896\" height=\"676\" src=\"http:\/\/blog.phoenixcontact.com\/marketing-pl\/wp-content\/uploads\/sites\/4\/2019\/09\/24.png\" alt=\"\" class=\"wp-image-2343\" srcset=\"https:\/\/blog.phoenixcontact.com\/marketing-pl\/wp-content\/uploads\/sites\/4\/2019\/09\/24.png 896w, https:\/\/blog.phoenixcontact.com\/marketing-pl\/wp-content\/uploads\/sites\/4\/2019\/09\/24-300x226.png 300w, https:\/\/blog.phoenixcontact.com\/marketing-pl\/wp-content\/uploads\/sites\/4\/2019\/09\/24-768x579.png 768w, https:\/\/blog.phoenixcontact.com\/marketing-pl\/wp-content\/uploads\/sites\/4\/2019\/09\/24-624x471.png 624w\" sizes=\"auto, (max-width: 896px) 100vw, 896px\" \/><figcaption> <em>Obecnie w Dziale Logistyki funkcjonuj\u0105 najnowsze rozwi\u0105zania, m.in. system Serwus.<\/em> <\/figcaption><\/figure>\n\n\n\n<p style=\"color:#0098a1\" class=\"has-text-color\"><strong>Czy przypominacie\nsobie jakie\u015b wydarzenia prze\u0142omowe dla funkcjonowania dzia\u0142u?<\/strong><\/p>\n\n\n\n<p><strong>Agnieszka:<\/strong> Ogromnym prze\u0142omem by\u0142 zakup\npierwszych&nbsp; komputer\u00f3w w firmie i praca z\nsystemem PSK i Infor 6.1. Oko\u0142o 2000 roku zacz\u0119li\u015bmy te\u017c dokonywa\u0107 zakupu\nmateria\u0142\u00f3w, wycofuj\u0105c si\u0119 z pracy na materia\u0142ach powierzonych. Nast\u0105pi\u0142a du\u017ca\noptymalizacja ewidencji materia\u0142\u00f3w i kontrola ich pod wzgl\u0119dem ilo\u015bci. <\/p>\n\n\n\n<p><strong>Adam:<\/strong>\nAle wzros\u0142a te\u017c odpowiedzialno\u015b\u0107, bo od wtedy firma sta\u0142a si\u0119 odpowiedzialna za\nzapasy magazynowe, kt\u00f3re stanowi\u0142y przecie\u017c zamro\u017cony kapita\u0142.<\/p>\n\n\n\n<p><strong>Artur:<\/strong>\nNa prze\u0142omie 1999 i 2000 roku kr\u0105\u017cy\u0142 te\u017c mit, \u017ce komputery przestan\u0105 dzia\u0142a\u0107.\nPami\u0119tam \u017ce bali\u015bmy si\u0119, czy po powrocie do pracy po Nowym Roku sprz\u0119t nadal b\u0119dzie\nfunkcjonowa\u0142.<\/p>\n\n\n\n<p><strong>Adam:<\/strong>\nDu\u017cy przeskok nast\u0105pi\u0142 te\u017c w momencie wybudowania 2 i 3 hali w 2004 roku. Wtedy\nweszli\u015bmy te\u017c do Unii, co wp\u0142yn\u0119\u0142o na wsp\u00f3\u0142prac\u0119 z innymi krajami. Firma sporo\nna tym zyska\u0142a, bo pojawi\u0142y si\u0119 zam\u00f3wienia bezpo\u015brednio z r\u00f3\u017cnych miejsc zza\ngranicy.&nbsp; Automatycznie produkcja posz\u0142a\ndo przodu, co w dziale logistyki prze\u0142o\u017cy\u0142o si\u0119 na wi\u0119ksz\u0105 ilo\u015b\u0107 pracy i\nzwi\u0119kszone zatrudnienie.<\/p>\n\n\n\n<p><strong>Agnieszka:<\/strong> Wej\u015bcie do Unii oznacza\u0142o te\u017c brak kontroli celnej. Nikt nie wiedzia\u0142, jak to b\u0119dzie, nie mogli\u015bmy sobie tego wyobrazi\u0107. Nagle z dnia na dzie\u0144 kierowcy z naszymi\u00a0 dostawami z Phoenix Contact z Blombergu nie musieli dokonywa\u0107 powt\u00f3rnej kontroli celnej na granicy, kt\u00f3ra zosta\u0142a otwarta. Pierwszy tydzie\u0144 od wej\u015bcia do UE by\u0142 bardzo dziwny, bo jeszcze nie dowierzali\u015bmy!<\/p>\n\n\n\n<p><strong>Adam:<\/strong> Poniewa\u017c\nby\u0142o coraz wi\u0119cej zlece\u0144, zosta\u0142a podj\u0119ta decyzja o otwarciu drugiego zak\u0142adu\nprzy ul. 3 Stycznia, tzw. \u201eWiklina\u201d. To te\u017c by\u0142 prze\u0142om dla naszego dzia\u0142u,\nponiewa\u017c nast\u0105pi\u0142o pierwsze rozproszenie dostaw. Z czasem logistyka stawa\u0142a si\u0119\ncoraz bardziej skomplikowana. W szczytowym momencie funkcjonowa\u0142o 6-7\nmagazyn\u00f3w.<\/p>\n\n\n\n<p class=\"has-text-color has-very-dark-gray-color\"><strong>Agnieszka:<\/strong> Rozw\u00f3j Logistyki mo\u017cna te\u017c zauwa\u017cy\u0107 w ilo\u015bci wysy\u0142anych wyrob\u00f3w gotowych do klienta. Kiedy\u015b samoch\u00f3d z wysy\u0142k\u0105 odje\u017cd\u017ca\u0142 z firmy raz w tygodniu, z czasem 2-3 razy w tygodniu, a teraz wysy\u0142ki odbywaj\u0105 si\u0119 a\u017c 3 razy dziennie co oznacza 15 razy w tygodniu. A to, jak teraz funkcjonuje Serwus to przeros\u0142o moje naj\u015bmielsze oczekiwania. Nasz nowoczesny magazyn zwiedzaj\u0105 ju\u017c nie tylko nasi koledzy z Phoenix Contact\u2026\u00a0 Gdy zaczynali\u015bmy prac\u0119, to wszystko by\u0142o nowe, uczyli\u015bmy si\u0119 na b\u0142\u0119dach. By\u0142o nas tak ma\u0142o, \u017ce byli\u015bmy w stanie wszyscy razem zje\u015b\u0107 \u015bniadanie i do dzi\u015b mi\u0142o to wspominam. <\/p>\n\n\n\n<p>Teraz firma wygl\u0105da i funkcjonuje&nbsp; inaczej ni\u017c 24 lata jednak przez wszystkie te lata&nbsp; praca w PxCW&nbsp; przynosi mi ca\u0142y czas&nbsp; du\u017co satysfakcji\u2026<\/p>\n\n\n\n<figure class=\"wp-block-image\"><img loading=\"lazy\" decoding=\"async\" width=\"896\" height=\"676\" src=\"http:\/\/blog.phoenixcontact.com\/marketing-pl\/wp-content\/uploads\/sites\/4\/2019\/09\/27.png\" alt=\"\" class=\"wp-image-2344\" srcset=\"https:\/\/blog.phoenixcontact.com\/marketing-pl\/wp-content\/uploads\/sites\/4\/2019\/09\/27.png 896w, https:\/\/blog.phoenixcontact.com\/marketing-pl\/wp-content\/uploads\/sites\/4\/2019\/09\/27-300x226.png 300w, https:\/\/blog.phoenixcontact.com\/marketing-pl\/wp-content\/uploads\/sites\/4\/2019\/09\/27-768x579.png 768w, https:\/\/blog.phoenixcontact.com\/marketing-pl\/wp-content\/uploads\/sites\/4\/2019\/09\/27-624x471.png 624w\" sizes=\"auto, (max-width: 896px) 100vw, 896px\" \/><figcaption> <em>Kierownik Dzia\u0142u Logistyki \u2013 Leszek Kliman<\/em> <\/figcaption><\/figure>\n\n\n\n<p style=\"color:#0098a1\" class=\"has-text-color\"><strong>Z czego Dzia\u0142 Logistyki mo\u017ce by\u0107 szczeg\u00f3lnie dumny? <\/strong><\/p>\n\n\n\n<p>Obecnie \u015bwi\u0119tujemy, bo w efekcie transformacji technologiczno \u2013 organizacyjnej dzia\u0142u, jakiej dokonali\u015bmy w ubieg\u0142ych latach, 3 z 4 naszych najwa\u017cniejszych KPI dotycz\u0105cych terminowo\u015bci wykonywania kluczowych proces\u00f3w logistycznych osi\u0105gaj\u0105&nbsp; poziomy wy\u017csze ni\u017c 99%. Dla firmy oznacza to tyle, \u017ce nie dochodzi do przestoj\u00f3w produkcyjnych zwi\u0105zanych z funkcjonowaniem Dzia\u0142u Logistyki. <\/p>\n\n\n\n<p style=\"color:#0098a1\" class=\"has-text-color\"><strong>Co uwa\u017casz za najwi\u0119kszy sukces Twojego dzia\u0142u w ci\u0105gu tych 25 lat?<\/strong><\/p>\n\n\n\n<p>Wypowiadam si\u0119 cz\u0119\u015bciowo za poprzednich zarz\u0105dzaj\u0105cych dzia\u0142em, ale z mojej perspektywy najwi\u0119kszym osi\u0105gni\u0119ciem jest adaptacja do zmieniaj\u0105cych si\u0119 warunk\u00f3w oraz dostosowanie do potrzeb firmy, kt\u00f3ra rozwija\u0142a si\u0119 przez ten ca\u0142y okres czasu niebywale dynamicznie.<br> <\/p>\n\n\n\n<p style=\"color:#0098a1\" class=\"has-text-color\"><strong>Co mogli\u015bcie wsp\u00f3lnie \u015bwi\u0119towa\u0107 na przestrzeni tych lat?<\/strong><\/p>\n\n\n\n<p>Takich okazji by\u0142o bardzo wiele, wsp\u00f3lnie cieszymy si\u0119 z ka\u017cdego dnia. \u015awi\u0119tujemy, fakt \u2013 do\u015b\u0107 skromnie \u2013 ka\u017cdy udany projekt. Nieudanych \u2013 nie pami\u0119tam\u2026<\/p>\n\n\n\n<p><\/p>\n\n\n\n<p style=\"text-align:right\">Marta Pigla<\/p>\n","protected":false},"excerpt":{"rendered":"<p>Okazuje si\u0119, \u017ce wieloletni pracownicy Dzia\u0142u Logistyki s\u0105 w stanie pokona\u0107 czasoprzestrze\u0144! Agnieszka zosta\u0142a zatrudniona jako Specjalista ds. Logistyki, gdy jeszcze\u2026 nie by\u0142o logistyki, ani biura! Bogdan z kolei udowodni\u0142, \u017ce czasami to praca \u2013 w osobie samego Prezesa \u2013 przychodzi do cz\u0142owieka, a nie cz\u0142owiek do pracy. To tylko dwa przyk\u0142ady, ale ciekawych historii [&hellip;]<\/p>\n","protected":false},"author":204,"featured_media":0,"comment_status":"open","ping_status":"open","sticky":false,"template":"","format":"standard","meta":{"footnotes":""},"categories":[163],"tags":[],"class_list":["post-2339","post","type-post","status-publish","format-standard","hentry","category-career_blog"],"yoast_head":"<!-- This site is optimized with the Yoast SEO plugin v24.7 - https:\/\/yoast.com\/wordpress\/plugins\/seo\/ -->\n<title>Dzia\u0142 Logistyki \u2013 sta\u0142y rozw\u00f3j od 1995 roku | Poland<\/title>\n<meta name=\"robots\" content=\"index, follow, max-snippet:-1, max-image-preview:large, max-video-preview:-1\" \/>\n<link rel=\"canonical\" href=\"https:\/\/blog.phoenixcontact.com\/marketing-pl\/dzial-logistyki-staly-rozwoj-od-1995-roku\/\" \/>\n<meta property=\"og:locale\" content=\"pl_PL\" \/>\n<meta property=\"og:type\" content=\"article\" \/>\n<meta property=\"og:title\" content=\"Dzia\u0142 Logistyki \u2013 sta\u0142y rozw\u00f3j od 1995 roku | Poland\" \/>\n<meta property=\"og:description\" content=\"Okazuje si\u0119, \u017ce wieloletni pracownicy Dzia\u0142u Logistyki s\u0105 w stanie pokona\u0107 czasoprzestrze\u0144! Agnieszka zosta\u0142a zatrudniona jako Specjalista ds. Logistyki, gdy jeszcze\u2026 nie by\u0142o logistyki, ani biura! Bogdan z kolei udowodni\u0142, \u017ce czasami to praca \u2013 w osobie samego Prezesa \u2013 przychodzi do cz\u0142owieka, a nie cz\u0142owiek do pracy. To tylko dwa przyk\u0142ady, ale ciekawych historii [&hellip;]\" \/>\n<meta property=\"og:url\" content=\"https:\/\/blog.phoenixcontact.com\/marketing-pl\/dzial-logistyki-staly-rozwoj-od-1995-roku\/\" \/>\n<meta property=\"og:site_name\" content=\"Poland\" \/>\n<meta property=\"article:published_time\" content=\"2019-09-02T16:07:02+00:00\" \/>\n<meta property=\"article:modified_time\" content=\"2019-09-03T06:40:42+00:00\" \/>\n<meta property=\"og:image\" content=\"https:\/\/blog.phoenixcontact.com\/marketing-pl\/wp-content\/uploads\/sites\/4\/2019\/09\/25.png\" \/>\n<meta name=\"author\" content=\"Marta Pigla\" \/>\n<meta name=\"twitter:card\" content=\"summary_large_image\" \/>\n<meta name=\"twitter:label1\" content=\"Napisane przez\" \/>\n\t<meta name=\"twitter:data1\" content=\"Marta Pigla\" \/>\n\t<meta name=\"twitter:label2\" content=\"Szacowany czas czytania\" \/>\n\t<meta name=\"twitter:data2\" content=\"8 minut\" \/>\n<script type=\"application\/ld+json\" class=\"yoast-schema-graph\">{\"@context\":\"https:\/\/schema.org\",\"@graph\":[{\"@type\":\"WebPage\",\"@id\":\"https:\/\/blog.phoenixcontact.com\/marketing-pl\/dzial-logistyki-staly-rozwoj-od-1995-roku\/\",\"url\":\"https:\/\/blog.phoenixcontact.com\/marketing-pl\/dzial-logistyki-staly-rozwoj-od-1995-roku\/\",\"name\":\"Dzia\u0142 Logistyki \u2013 sta\u0142y rozw\u00f3j od 1995 roku | Poland\",\"isPartOf\":{\"@id\":\"https:\/\/blog.phoenixcontact.com\/marketing-pl\/#website\"},\"primaryImageOfPage\":{\"@id\":\"https:\/\/blog.phoenixcontact.com\/marketing-pl\/dzial-logistyki-staly-rozwoj-od-1995-roku\/#primaryimage\"},\"image\":{\"@id\":\"https:\/\/blog.phoenixcontact.com\/marketing-pl\/dzial-logistyki-staly-rozwoj-od-1995-roku\/#primaryimage\"},\"thumbnailUrl\":\"http:\/\/blog.phoenixcontact.com\/marketing-pl\/wp-content\/uploads\/sites\/4\/2019\/09\/25.png\",\"datePublished\":\"2019-09-02T16:07:02+00:00\",\"dateModified\":\"2019-09-03T06:40:42+00:00\",\"author\":{\"@id\":\"https:\/\/blog.phoenixcontact.com\/marketing-pl\/#\/schema\/person\/26db57945199f36289eee21886a00836\"},\"breadcrumb\":{\"@id\":\"https:\/\/blog.phoenixcontact.com\/marketing-pl\/dzial-logistyki-staly-rozwoj-od-1995-roku\/#breadcrumb\"},\"inLanguage\":\"pl-PL\",\"potentialAction\":[{\"@type\":\"ReadAction\",\"target\":[\"https:\/\/blog.phoenixcontact.com\/marketing-pl\/dzial-logistyki-staly-rozwoj-od-1995-roku\/\"]}]},{\"@type\":\"ImageObject\",\"inLanguage\":\"pl-PL\",\"@id\":\"https:\/\/blog.phoenixcontact.com\/marketing-pl\/dzial-logistyki-staly-rozwoj-od-1995-roku\/#primaryimage\",\"url\":\"https:\/\/blog.phoenixcontact.com\/marketing-pl\/wp-content\/uploads\/sites\/4\/2019\/09\/25.png\",\"contentUrl\":\"https:\/\/blog.phoenixcontact.com\/marketing-pl\/wp-content\/uploads\/sites\/4\/2019\/09\/25.png\",\"width\":896,\"height\":676},{\"@type\":\"BreadcrumbList\",\"@id\":\"https:\/\/blog.phoenixcontact.com\/marketing-pl\/dzial-logistyki-staly-rozwoj-od-1995-roku\/#breadcrumb\",\"itemListElement\":[{\"@type\":\"ListItem\",\"position\":1,\"name\":\"Home\",\"item\":\"https:\/\/blog.phoenixcontact.com\/marketing-pl\/\"},{\"@type\":\"ListItem\",\"position\":2,\"name\":\"Dzia\u0142 Logistyki \u2013 sta\u0142y rozw\u00f3j od 1995 roku\"}]},{\"@type\":\"WebSite\",\"@id\":\"https:\/\/blog.phoenixcontact.com\/marketing-pl\/#website\",\"url\":\"https:\/\/blog.phoenixcontact.com\/marketing-pl\/\",\"name\":\"Poland\",\"description\":\"PHOENIX CONTACT\",\"potentialAction\":[{\"@type\":\"SearchAction\",\"target\":{\"@type\":\"EntryPoint\",\"urlTemplate\":\"https:\/\/blog.phoenixcontact.com\/marketing-pl\/?s={search_term_string}\"},\"query-input\":{\"@type\":\"PropertyValueSpecification\",\"valueRequired\":true,\"valueName\":\"search_term_string\"}}],\"inLanguage\":\"pl-PL\"},{\"@type\":\"Person\",\"@id\":\"https:\/\/blog.phoenixcontact.com\/marketing-pl\/#\/schema\/person\/26db57945199f36289eee21886a00836\",\"name\":\"Marta Pigla\",\"image\":{\"@type\":\"ImageObject\",\"inLanguage\":\"pl-PL\",\"@id\":\"https:\/\/blog.phoenixcontact.com\/marketing-pl\/#\/schema\/person\/image\/\",\"url\":\"https:\/\/secure.gravatar.com\/avatar\/32a9a4165dcceb2a5624a87ef6d6fe8a8b2773af9d971a58fb767a207bd44f38?s=96&d=mm&r=g\",\"contentUrl\":\"https:\/\/secure.gravatar.com\/avatar\/32a9a4165dcceb2a5624a87ef6d6fe8a8b2773af9d971a58fb767a207bd44f38?s=96&d=mm&r=g\",\"caption\":\"Marta Pigla\"},\"url\":\"https:\/\/blog.phoenixcontact.com\/marketing-pl\/author\/hijt5p\/\"}]}<\/script>\n<!-- \/ Yoast SEO plugin. -->","yoast_head_json":{"title":"Dzia\u0142 Logistyki \u2013 sta\u0142y rozw\u00f3j od 1995 roku | Poland","robots":{"index":"index","follow":"follow","max-snippet":"max-snippet:-1","max-image-preview":"max-image-preview:large","max-video-preview":"max-video-preview:-1"},"canonical":"https:\/\/blog.phoenixcontact.com\/marketing-pl\/dzial-logistyki-staly-rozwoj-od-1995-roku\/","og_locale":"pl_PL","og_type":"article","og_title":"Dzia\u0142 Logistyki \u2013 sta\u0142y rozw\u00f3j od 1995 roku | Poland","og_description":"Okazuje si\u0119, \u017ce wieloletni pracownicy Dzia\u0142u Logistyki s\u0105 w stanie pokona\u0107 czasoprzestrze\u0144! Agnieszka zosta\u0142a zatrudniona jako Specjalista ds. Logistyki, gdy jeszcze\u2026 nie by\u0142o logistyki, ani biura! Bogdan z kolei udowodni\u0142, \u017ce czasami to praca \u2013 w osobie samego Prezesa \u2013 przychodzi do cz\u0142owieka, a nie cz\u0142owiek do pracy. To tylko dwa przyk\u0142ady, ale ciekawych historii [&hellip;]","og_url":"https:\/\/blog.phoenixcontact.com\/marketing-pl\/dzial-logistyki-staly-rozwoj-od-1995-roku\/","og_site_name":"Poland","article_published_time":"2019-09-02T16:07:02+00:00","article_modified_time":"2019-09-03T06:40:42+00:00","og_image":[{"url":"https:\/\/blog.phoenixcontact.com\/marketing-pl\/wp-content\/uploads\/sites\/4\/2019\/09\/25.png","type":"","width":"","height":""}],"author":"Marta Pigla","twitter_card":"summary_large_image","twitter_misc":{"Napisane przez":"Marta Pigla","Szacowany czas czytania":"8 minut"},"schema":{"@context":"https:\/\/schema.org","@graph":[{"@type":"WebPage","@id":"https:\/\/blog.phoenixcontact.com\/marketing-pl\/dzial-logistyki-staly-rozwoj-od-1995-roku\/","url":"https:\/\/blog.phoenixcontact.com\/marketing-pl\/dzial-logistyki-staly-rozwoj-od-1995-roku\/","name":"Dzia\u0142 Logistyki \u2013 sta\u0142y rozw\u00f3j od 1995 roku | Poland","isPartOf":{"@id":"https:\/\/blog.phoenixcontact.com\/marketing-pl\/#website"},"primaryImageOfPage":{"@id":"https:\/\/blog.phoenixcontact.com\/marketing-pl\/dzial-logistyki-staly-rozwoj-od-1995-roku\/#primaryimage"},"image":{"@id":"https:\/\/blog.phoenixcontact.com\/marketing-pl\/dzial-logistyki-staly-rozwoj-od-1995-roku\/#primaryimage"},"thumbnailUrl":"http:\/\/blog.phoenixcontact.com\/marketing-pl\/wp-content\/uploads\/sites\/4\/2019\/09\/25.png","datePublished":"2019-09-02T16:07:02+00:00","dateModified":"2019-09-03T06:40:42+00:00","author":{"@id":"https:\/\/blog.phoenixcontact.com\/marketing-pl\/#\/schema\/person\/26db57945199f36289eee21886a00836"},"breadcrumb":{"@id":"https:\/\/blog.phoenixcontact.com\/marketing-pl\/dzial-logistyki-staly-rozwoj-od-1995-roku\/#breadcrumb"},"inLanguage":"pl-PL","potentialAction":[{"@type":"ReadAction","target":["https:\/\/blog.phoenixcontact.com\/marketing-pl\/dzial-logistyki-staly-rozwoj-od-1995-roku\/"]}]},{"@type":"ImageObject","inLanguage":"pl-PL","@id":"https:\/\/blog.phoenixcontact.com\/marketing-pl\/dzial-logistyki-staly-rozwoj-od-1995-roku\/#primaryimage","url":"https:\/\/blog.phoenixcontact.com\/marketing-pl\/wp-content\/uploads\/sites\/4\/2019\/09\/25.png","contentUrl":"https:\/\/blog.phoenixcontact.com\/marketing-pl\/wp-content\/uploads\/sites\/4\/2019\/09\/25.png","width":896,"height":676},{"@type":"BreadcrumbList","@id":"https:\/\/blog.phoenixcontact.com\/marketing-pl\/dzial-logistyki-staly-rozwoj-od-1995-roku\/#breadcrumb","itemListElement":[{"@type":"ListItem","position":1,"name":"Home","item":"https:\/\/blog.phoenixcontact.com\/marketing-pl\/"},{"@type":"ListItem","position":2,"name":"Dzia\u0142 Logistyki \u2013 sta\u0142y rozw\u00f3j od 1995 roku"}]},{"@type":"WebSite","@id":"https:\/\/blog.phoenixcontact.com\/marketing-pl\/#website","url":"https:\/\/blog.phoenixcontact.com\/marketing-pl\/","name":"Poland","description":"PHOENIX CONTACT","potentialAction":[{"@type":"SearchAction","target":{"@type":"EntryPoint","urlTemplate":"https:\/\/blog.phoenixcontact.com\/marketing-pl\/?s={search_term_string}"},"query-input":{"@type":"PropertyValueSpecification","valueRequired":true,"valueName":"search_term_string"}}],"inLanguage":"pl-PL"},{"@type":"Person","@id":"https:\/\/blog.phoenixcontact.com\/marketing-pl\/#\/schema\/person\/26db57945199f36289eee21886a00836","name":"Marta Pigla","image":{"@type":"ImageObject","inLanguage":"pl-PL","@id":"https:\/\/blog.phoenixcontact.com\/marketing-pl\/#\/schema\/person\/image\/","url":"https:\/\/secure.gravatar.com\/avatar\/32a9a4165dcceb2a5624a87ef6d6fe8a8b2773af9d971a58fb767a207bd44f38?s=96&d=mm&r=g","contentUrl":"https:\/\/secure.gravatar.com\/avatar\/32a9a4165dcceb2a5624a87ef6d6fe8a8b2773af9d971a58fb767a207bd44f38?s=96&d=mm&r=g","caption":"Marta Pigla"},"url":"https:\/\/blog.phoenixcontact.com\/marketing-pl\/author\/hijt5p\/"}]}},"_links":{"self":[{"href":"https:\/\/blog.phoenixcontact.com\/marketing-pl\/wp-json\/wp\/v2\/posts\/2339","targetHints":{"allow":["GET"]}}],"collection":[{"href":"https:\/\/blog.phoenixcontact.com\/marketing-pl\/wp-json\/wp\/v2\/posts"}],"about":[{"href":"https:\/\/blog.phoenixcontact.com\/marketing-pl\/wp-json\/wp\/v2\/types\/post"}],"author":[{"embeddable":true,"href":"https:\/\/blog.phoenixcontact.com\/marketing-pl\/wp-json\/wp\/v2\/users\/204"}],"replies":[{"embeddable":true,"href":"https:\/\/blog.phoenixcontact.com\/marketing-pl\/wp-json\/wp\/v2\/comments?post=2339"}],"version-history":[{"count":4,"href":"https:\/\/blog.phoenixcontact.com\/marketing-pl\/wp-json\/wp\/v2\/posts\/2339\/revisions"}],"predecessor-version":[{"id":2348,"href":"https:\/\/blog.phoenixcontact.com\/marketing-pl\/wp-json\/wp\/v2\/posts\/2339\/revisions\/2348"}],"wp:attachment":[{"href":"https:\/\/blog.phoenixcontact.com\/marketing-pl\/wp-json\/wp\/v2\/media?parent=2339"}],"wp:term":[{"taxonomy":"category","embeddable":true,"href":"https:\/\/blog.phoenixcontact.com\/marketing-pl\/wp-json\/wp\/v2\/categories?post=2339"},{"taxonomy":"post_tag","embeddable":true,"href":"https:\/\/blog.phoenixcontact.com\/marketing-pl\/wp-json\/wp\/v2\/tags?post=2339"}],"curies":[{"name":"wp","href":"https:\/\/api.w.org\/{rel}","templated":true}]}}