{"id":9178,"date":"2021-05-19T07:00:56","date_gmt":"2021-05-19T05:00:56","guid":{"rendered":"http:\/\/blog.phoenixcontact.com\/hr-de\/?p=9178"},"modified":"2021-05-21T08:25:17","modified_gmt":"2021-05-21T06:25:17","slug":"sharing-is-caring","status":"publish","type":"post","link":"https:\/\/blog.phoenixcontact.com\/hr-de\/sharing-is-caring\/","title":{"rendered":"Sharing is caring"},"content":{"rendered":"\n<p><em>Diese Weisheit hat sich im Zeitalter von Social Media und Digitalisierung etablieren k\u00f6nnen. Wer von uns hat die Kraft der digitalen Community nicht schon beim Verkauf des alten Fahrrads aus der Garage oder f\u00fcrs Finden von Mietern genutzt? Nina Mrugalla hat das Prinzip auf Twitter f\u00fcr den beruflichen Kontext ausprobiert und nicht schlecht gestaunt, wie unkompliziert es sein kann, Impulse zu erhalten und neue Kontakte zu kn\u00fcpfen. <\/em><\/p>\n\n\n\n<!--more-->\n\n\n\n<h2 class=\"wp-block-heading\">Irgendwann ist immer das erste Mal<\/h2>\n\n\n\n<p>Mal der Reihe nach: Wir entwickeln aktuell das Konzept zum Onboarding neuer Mitarbeitenden weiter und suchen einen Austausch au\u00dferhalb von Phoenix Contact. Na klar, es gibt die bekannten Wege und Netzwerke in der Region und die entsprechenden fachlichen Arbeitskreise. Aber geht das auch anders? Schnell kam ich auf die Idee, meinen Kollegen Thomas Bischoff zu fragen. Mit HR hat der nichts am Hut, er arbeitet bei Phoenix Contact in der IT und ist f\u00fcr den globalen Datenverkehr mit externen Partnern verantwortlich. Da er aber in den sozialen Medien sehr gut vernetzt ist, dachte ich mir, fragen kostet nichts.<\/p>\n\n\n\n<p>Wie Thomas eben ist: Nicht lange gez\u00f6gert und schon gar nicht nachgefragt, sondern sofort<em> <\/em>einen #Followerpower-Tweet gepostet, mit der Bitte um Retweet. Damit ist der Community klar: der Absender bittet um Unterst\u00fctzung und Weiterleitung. Toll, diese pragmatische Hands-on-Mentalit\u00e4t! In seinem Netzwerk setzen viele Kontakte auf den #SharingIsCaring Gedanken und auch dieses Mal konnte er, und damit auch ich, auf sie z\u00e4hlen. Noch am gleichen Abend sind die Impressions des Tweets vierstellig. <\/p>\n\n\n\n<figure class=\"wp-block-image\"><a href=\"https:\/\/pcworld.phoenixcontact.com\/blogs\/9cf6e59c-3078-4afa-b76f-2f9fc6430902\/resource\/BLOGS_UPLOADED_IMAGES\/2-s.jpg\" target=\"_blank\" rel=\"noreferrer noopener\"><img decoding=\"async\" src=\"https:\/\/pcworld.phoenixcontact.com\/blogs\/9cf6e59c-3078-4afa-b76f-2f9fc6430902\/resource\/BLOGS_UPLOADED_IMAGES\/2-s.jpg\" alt=\"teaser\"\/><\/a><\/figure>\n\n\n\n<h2 class=\"wp-block-heading\">Nur Quantit\u00e4t oder auch Qualit\u00e4t?<\/h2>\n\n\n\n<p>Ich muss gestehen, erstmal war es ein &#8222;raus aus der Komfortzone&#8220;. Klar \u2013 mit den Business-Plattformen LinkedIn und Xing arbeite ich permanent. W\u00e4hrend ich auf LinkedIn mein Business-Netzwerk eher formal pflege und entscheide, wem ich folge oder mit wem ich mich vernetze, geht es bei Twitter ganz anders zu. Kurz, direkt, informell \u2013 eben sharing is caring. Die Person steht im Vordergrund, ohne Get\u00f6se um gro\u00dfe Firmennamen und Marketing. Das f\u00fchlt sich eher nach Community an.<\/p>\n\n\n\n<p>Nachdem Thomas am Samstagnachmittag seinen Tweet mit der Bitte nach #followerpower und Support f\u00fcr mich als Kollegin abgesetzt hat, nahm die Community Fahrt auf. Ich wusste erst nicht so recht, wie ich reagiere, denn ich wurde \u00fcbersch\u00fcttet mit Ideen und konkreten Tipps, Angeboten f\u00fcr Austausch und Material.<\/p>\n\n\n\n<p>F\u00fcr mich wurde Thomas&#8216; Tipp zu meinem Highlight der Woche. Denn selten habe ich in so kurzer Zeit so viele ganz konkrete Hinweise, Ideen und neue spannende Kontakte auf so unkomplizierte Weise bekommen. <\/p>\n\n\n\n<h2 class=\"wp-block-heading\">Nehmen und geben<\/h2>\n\n\n\n<p>Eigentlich reagiert man ganz normal, wie im echten Leben. Auch online darf man sich \u00fcber so viel Unterst\u00fctzung freuen.&nbsp;Das sollte man sogar, denn #SharingisCaring lebt vom Feedback! War die Hilfe n\u00fctzlich? Ben\u00f6tigst du noch was? Wie geht es dir damit?<\/p>\n\n\n\n<p>Inzwischen ist Freitag, Zeit f\u00fcr eine Reaktion. Thomas fragt mich, ob ich die #ff Regel kenne.&nbsp;Der &#8222;Follow-Friday&#8220; ist ein Twitter-Brauch, bei dem jeden Freitag Nutzer andere Twitter-Nutzer weiterempfehlen \u2013 das ist ein Ausdruck von Dankbarkeit. Und dankbar war ich, also raus mit dem Post.<\/p>\n\n\n\n<p>Auf Twitter schon mehrj\u00e4hrig gelebte Praxis, aber sicherlich gibt es einige Leser, die es selbst auch noch nicht versucht haben. Mein kleiner Erfahrungsbericht soll euch aus der Komfortzone raushelfen, probiert&#8217;s halt einfach mal! Es funktioniert wirklich \ud83d\ude09 Und wenn ihr auch mal <a href=\"https:\/\/twitter.com\/NinaMrugalla\">meine <\/a>und <a href=\"https:\/\/twitter.com\/boysdontcrei\">Thomas<\/a>&#8218; followerpower nutzen m\u00f6chtet, folgt uns doch gerne bei Twitter!<\/p>\n\n\n\n<figure class=\"wp-block-image\"><a href=\"https:\/\/pcworld.phoenixcontact.com\/blogs\/9cf6e59c-3078-4afa-b76f-2f9fc6430902\/resource\/BLOGS_UPLOADED_IMAGES\/4-s.jpg\" target=\"_blank\" rel=\"noreferrer noopener\"><img decoding=\"async\" src=\"https:\/\/pcworld.phoenixcontact.com\/blogs\/9cf6e59c-3078-4afa-b76f-2f9fc6430902\/resource\/BLOGS_UPLOADED_IMAGES\/4-s.jpg\" alt=\"image\"\/><\/a><\/figure>\n\n\n\n<p><\/p>\n","protected":false},"excerpt":{"rendered":"<p>Diese Weisheit hat sich im Zeitalter von Social Media und Digitalisierung etablieren k\u00f6nnen. Wer von uns hat die Kraft der digitalen Community nicht schon beim Verkauf des alten Fahrrads aus der Garage oder f\u00fcrs Finden von Mietern genutzt? Nina Mrugalla hat das Prinzip auf Twitter f\u00fcr den beruflichen Kontext ausprobiert und nicht schlecht gestaunt, wie [&hellip;]<\/p>\n","protected":false},"author":324,"featured_media":9180,"comment_status":"open","ping_status":"open","sticky":false,"template":"","format":"standard","meta":{"footnotes":""},"categories":[586],"tags":[],"class_list":["post-9178","post","type-post","status-publish","format-standard","has-post-thumbnail","hentry","category-careertogo"],"yoast_head":"<!-- This site is optimized with the Yoast SEO plugin v24.7 - https:\/\/yoast.com\/wordpress\/plugins\/seo\/ -->\n<title>Sharing is caring | PHOENIX CONTACT<\/title>\n<meta name=\"description\" content=\"Nina Mrugalla hat das Prinzip auf Twitter f\u00fcr den beruflichen Kontext ausprobiert und nicht schlecht gestaunt, wie unkompliziert es sein kann, Impulse zu erhalten und neue Kontakte zu kn\u00fcpfen.\" \/>\n<meta name=\"robots\" content=\"index, follow, max-snippet:-1, max-image-preview:large, max-video-preview:-1\" \/>\n<link rel=\"canonical\" href=\"https:\/\/blog.phoenixcontact.com\/hr-de\/sharing-is-caring\/\" \/>\n<meta property=\"og:locale\" content=\"de_DE\" \/>\n<meta property=\"og:type\" content=\"article\" \/>\n<meta property=\"og:title\" content=\"Sharing is caring | PHOENIX CONTACT\" \/>\n<meta property=\"og:description\" content=\"Nina Mrugalla hat das Prinzip auf Twitter f\u00fcr den beruflichen Kontext ausprobiert und nicht schlecht gestaunt, wie unkompliziert es sein kann, Impulse zu erhalten und neue Kontakte zu kn\u00fcpfen.\" \/>\n<meta property=\"og:url\" content=\"https:\/\/blog.phoenixcontact.com\/hr-de\/sharing-is-caring\/\" \/>\n<meta property=\"og:site_name\" content=\"PHOENIX CONTACT\" \/>\n<meta property=\"article:published_time\" content=\"2021-05-19T05:00:56+00:00\" \/>\n<meta property=\"article:modified_time\" content=\"2021-05-21T06:25:17+00:00\" \/>\n<meta property=\"og:image\" content=\"https:\/\/blog.phoenixcontact.com\/hr-de\/wp-content\/uploads\/sites\/2\/2021\/05\/social-media-3846597_1280.png\" \/>\n\t<meta property=\"og:image:width\" content=\"1280\" \/>\n\t<meta property=\"og:image:height\" content=\"807\" \/>\n\t<meta property=\"og:image:type\" content=\"image\/png\" \/>\n<meta name=\"author\" content=\"Nina Mrugalla\" \/>\n<meta name=\"twitter:card\" content=\"summary_large_image\" \/>\n<meta name=\"twitter:label1\" content=\"Verfasst von\" \/>\n\t<meta name=\"twitter:data1\" content=\"Nina Mrugalla\" \/>\n\t<meta name=\"twitter:label2\" content=\"Gesch\u00e4tzte Lesezeit\" \/>\n\t<meta name=\"twitter:data2\" content=\"3\u00a0Minuten\" \/>\n<script type=\"application\/ld+json\" class=\"yoast-schema-graph\">{\"@context\":\"https:\/\/schema.org\",\"@graph\":[{\"@type\":\"WebPage\",\"@id\":\"https:\/\/blog.phoenixcontact.com\/hr-de\/sharing-is-caring\/\",\"url\":\"https:\/\/blog.phoenixcontact.com\/hr-de\/sharing-is-caring\/\",\"name\":\"Sharing is caring | PHOENIX CONTACT\",\"isPartOf\":{\"@id\":\"https:\/\/blog.phoenixcontact.com\/hr-de\/#website\"},\"primaryImageOfPage\":{\"@id\":\"https:\/\/blog.phoenixcontact.com\/hr-de\/sharing-is-caring\/#primaryimage\"},\"image\":{\"@id\":\"https:\/\/blog.phoenixcontact.com\/hr-de\/sharing-is-caring\/#primaryimage\"},\"thumbnailUrl\":\"https:\/\/blog.phoenixcontact.com\/hr-de\/wp-content\/uploads\/sites\/2\/2021\/05\/social-media-3846597_1280.png\",\"datePublished\":\"2021-05-19T05:00:56+00:00\",\"dateModified\":\"2021-05-21T06:25:17+00:00\",\"author\":{\"@id\":\"https:\/\/blog.phoenixcontact.com\/hr-de\/#\/schema\/person\/9c683d9f92ee72b60d775d7a931c6d25\"},\"description\":\"Nina Mrugalla hat das Prinzip auf Twitter f\u00fcr den beruflichen Kontext ausprobiert und nicht schlecht gestaunt, wie unkompliziert es sein kann, Impulse zu erhalten und neue Kontakte zu kn\u00fcpfen.\",\"breadcrumb\":{\"@id\":\"https:\/\/blog.phoenixcontact.com\/hr-de\/sharing-is-caring\/#breadcrumb\"},\"inLanguage\":\"de\",\"potentialAction\":[{\"@type\":\"ReadAction\",\"target\":[\"https:\/\/blog.phoenixcontact.com\/hr-de\/sharing-is-caring\/\"]}]},{\"@type\":\"ImageObject\",\"inLanguage\":\"de\",\"@id\":\"https:\/\/blog.phoenixcontact.com\/hr-de\/sharing-is-caring\/#primaryimage\",\"url\":\"https:\/\/blog.phoenixcontact.com\/hr-de\/wp-content\/uploads\/sites\/2\/2021\/05\/social-media-3846597_1280.png\",\"contentUrl\":\"https:\/\/blog.phoenixcontact.com\/hr-de\/wp-content\/uploads\/sites\/2\/2021\/05\/social-media-3846597_1280.png\",\"width\":1280,\"height\":807},{\"@type\":\"BreadcrumbList\",\"@id\":\"https:\/\/blog.phoenixcontact.com\/hr-de\/sharing-is-caring\/#breadcrumb\",\"itemListElement\":[{\"@type\":\"ListItem\",\"position\":1,\"name\":\"Startseite\",\"item\":\"https:\/\/blog.phoenixcontact.com\/hr-de\/\"},{\"@type\":\"ListItem\",\"position\":2,\"name\":\"Sharing is caring\"}]},{\"@type\":\"WebSite\",\"@id\":\"https:\/\/blog.phoenixcontact.com\/hr-de\/#website\",\"url\":\"https:\/\/blog.phoenixcontact.com\/hr-de\/\",\"name\":\"PHOENIX CONTACT\",\"description\":\"PHOENIX CONTACT\",\"potentialAction\":[{\"@type\":\"SearchAction\",\"target\":{\"@type\":\"EntryPoint\",\"urlTemplate\":\"https:\/\/blog.phoenixcontact.com\/hr-de\/?s={search_term_string}\"},\"query-input\":{\"@type\":\"PropertyValueSpecification\",\"valueRequired\":true,\"valueName\":\"search_term_string\"}}],\"inLanguage\":\"de\"},{\"@type\":\"Person\",\"@id\":\"https:\/\/blog.phoenixcontact.com\/hr-de\/#\/schema\/person\/9c683d9f92ee72b60d775d7a931c6d25\",\"name\":\"Nina Mrugalla\",\"image\":{\"@type\":\"ImageObject\",\"inLanguage\":\"de\",\"@id\":\"https:\/\/blog.phoenixcontact.com\/hr-de\/#\/schema\/person\/image\/\",\"url\":\"https:\/\/blog.phoenixcontact.com\/hr-de\/wp-includes\/images\/blank.gif\",\"contentUrl\":\"https:\/\/blog.phoenixcontact.com\/hr-de\/wp-includes\/images\/blank.gif\",\"caption\":\"Nina Mrugalla\"},\"description\":\"Nach den ersten gut 15 Jahren Personalarbeit bei Phoenix Contact brauchte ich dringend einen Tapetenwechsel und habe mich selbst\u00e4ndig gemacht, um Ideen und vor allem neue Perspektiven zu bekommen. Seit November 2020 bin ich zur\u00fcck und engagiere mich mit viel Herzblut in den Themen moderne Arbeitskultur und F\u00fchrungsentwicklung. Abseits davon findet man mich auf entlegenen Pl\u00e4tzen mit meiner Family im Camper, in Au\u00dfenschwimmbecken und auch mal am Klavier.\",\"url\":\"https:\/\/blog.phoenixcontact.com\/hr-de\/author\/ninamrugalla\/\"}]}<\/script>\n<!-- \/ Yoast SEO plugin. -->","yoast_head_json":{"title":"Sharing is caring | PHOENIX CONTACT","description":"Nina Mrugalla hat das Prinzip auf Twitter f\u00fcr den beruflichen Kontext ausprobiert und nicht schlecht gestaunt, wie unkompliziert es sein kann, Impulse zu erhalten und neue Kontakte zu kn\u00fcpfen.","robots":{"index":"index","follow":"follow","max-snippet":"max-snippet:-1","max-image-preview":"max-image-preview:large","max-video-preview":"max-video-preview:-1"},"canonical":"https:\/\/blog.phoenixcontact.com\/hr-de\/sharing-is-caring\/","og_locale":"de_DE","og_type":"article","og_title":"Sharing is caring | PHOENIX CONTACT","og_description":"Nina Mrugalla hat das Prinzip auf Twitter f\u00fcr den beruflichen Kontext ausprobiert und nicht schlecht gestaunt, wie unkompliziert es sein kann, Impulse zu erhalten und neue Kontakte zu kn\u00fcpfen.","og_url":"https:\/\/blog.phoenixcontact.com\/hr-de\/sharing-is-caring\/","og_site_name":"PHOENIX CONTACT","article_published_time":"2021-05-19T05:00:56+00:00","article_modified_time":"2021-05-21T06:25:17+00:00","og_image":[{"width":1280,"height":807,"url":"https:\/\/blog.phoenixcontact.com\/hr-de\/wp-content\/uploads\/sites\/2\/2021\/05\/social-media-3846597_1280.png","type":"image\/png"}],"author":"Nina Mrugalla","twitter_card":"summary_large_image","twitter_misc":{"Verfasst von":"Nina Mrugalla","Gesch\u00e4tzte Lesezeit":"3\u00a0Minuten"},"schema":{"@context":"https:\/\/schema.org","@graph":[{"@type":"WebPage","@id":"https:\/\/blog.phoenixcontact.com\/hr-de\/sharing-is-caring\/","url":"https:\/\/blog.phoenixcontact.com\/hr-de\/sharing-is-caring\/","name":"Sharing is caring | PHOENIX CONTACT","isPartOf":{"@id":"https:\/\/blog.phoenixcontact.com\/hr-de\/#website"},"primaryImageOfPage":{"@id":"https:\/\/blog.phoenixcontact.com\/hr-de\/sharing-is-caring\/#primaryimage"},"image":{"@id":"https:\/\/blog.phoenixcontact.com\/hr-de\/sharing-is-caring\/#primaryimage"},"thumbnailUrl":"https:\/\/blog.phoenixcontact.com\/hr-de\/wp-content\/uploads\/sites\/2\/2021\/05\/social-media-3846597_1280.png","datePublished":"2021-05-19T05:00:56+00:00","dateModified":"2021-05-21T06:25:17+00:00","author":{"@id":"https:\/\/blog.phoenixcontact.com\/hr-de\/#\/schema\/person\/9c683d9f92ee72b60d775d7a931c6d25"},"description":"Nina Mrugalla hat das Prinzip auf Twitter f\u00fcr den beruflichen Kontext ausprobiert und nicht schlecht gestaunt, wie unkompliziert es sein kann, Impulse zu erhalten und neue Kontakte zu kn\u00fcpfen.","breadcrumb":{"@id":"https:\/\/blog.phoenixcontact.com\/hr-de\/sharing-is-caring\/#breadcrumb"},"inLanguage":"de","potentialAction":[{"@type":"ReadAction","target":["https:\/\/blog.phoenixcontact.com\/hr-de\/sharing-is-caring\/"]}]},{"@type":"ImageObject","inLanguage":"de","@id":"https:\/\/blog.phoenixcontact.com\/hr-de\/sharing-is-caring\/#primaryimage","url":"https:\/\/blog.phoenixcontact.com\/hr-de\/wp-content\/uploads\/sites\/2\/2021\/05\/social-media-3846597_1280.png","contentUrl":"https:\/\/blog.phoenixcontact.com\/hr-de\/wp-content\/uploads\/sites\/2\/2021\/05\/social-media-3846597_1280.png","width":1280,"height":807},{"@type":"BreadcrumbList","@id":"https:\/\/blog.phoenixcontact.com\/hr-de\/sharing-is-caring\/#breadcrumb","itemListElement":[{"@type":"ListItem","position":1,"name":"Startseite","item":"https:\/\/blog.phoenixcontact.com\/hr-de\/"},{"@type":"ListItem","position":2,"name":"Sharing is caring"}]},{"@type":"WebSite","@id":"https:\/\/blog.phoenixcontact.com\/hr-de\/#website","url":"https:\/\/blog.phoenixcontact.com\/hr-de\/","name":"PHOENIX CONTACT","description":"PHOENIX CONTACT","potentialAction":[{"@type":"SearchAction","target":{"@type":"EntryPoint","urlTemplate":"https:\/\/blog.phoenixcontact.com\/hr-de\/?s={search_term_string}"},"query-input":{"@type":"PropertyValueSpecification","valueRequired":true,"valueName":"search_term_string"}}],"inLanguage":"de"},{"@type":"Person","@id":"https:\/\/blog.phoenixcontact.com\/hr-de\/#\/schema\/person\/9c683d9f92ee72b60d775d7a931c6d25","name":"Nina Mrugalla","image":{"@type":"ImageObject","inLanguage":"de","@id":"https:\/\/blog.phoenixcontact.com\/hr-de\/#\/schema\/person\/image\/","url":"https:\/\/blog.phoenixcontact.com\/hr-de\/wp-includes\/images\/blank.gif","contentUrl":"https:\/\/blog.phoenixcontact.com\/hr-de\/wp-includes\/images\/blank.gif","caption":"Nina Mrugalla"},"description":"Nach den ersten gut 15 Jahren Personalarbeit bei Phoenix Contact brauchte ich dringend einen Tapetenwechsel und habe mich selbst\u00e4ndig gemacht, um Ideen und vor allem neue Perspektiven zu bekommen. Seit November 2020 bin ich zur\u00fcck und engagiere mich mit viel Herzblut in den Themen moderne Arbeitskultur und F\u00fchrungsentwicklung. Abseits davon findet man mich auf entlegenen Pl\u00e4tzen mit meiner Family im Camper, in Au\u00dfenschwimmbecken und auch mal am Klavier.","url":"https:\/\/blog.phoenixcontact.com\/hr-de\/author\/ninamrugalla\/"}]}},"post_mailing_queue_ids":[],"_links":{"self":[{"href":"https:\/\/blog.phoenixcontact.com\/hr-de\/wp-json\/wp\/v2\/posts\/9178","targetHints":{"allow":["GET"]}}],"collection":[{"href":"https:\/\/blog.phoenixcontact.com\/hr-de\/wp-json\/wp\/v2\/posts"}],"about":[{"href":"https:\/\/blog.phoenixcontact.com\/hr-de\/wp-json\/wp\/v2\/types\/post"}],"author":[{"embeddable":true,"href":"https:\/\/blog.phoenixcontact.com\/hr-de\/wp-json\/wp\/v2\/users\/324"}],"replies":[{"embeddable":true,"href":"https:\/\/blog.phoenixcontact.com\/hr-de\/wp-json\/wp\/v2\/comments?post=9178"}],"version-history":[{"count":6,"href":"https:\/\/blog.phoenixcontact.com\/hr-de\/wp-json\/wp\/v2\/posts\/9178\/revisions"}],"predecessor-version":[{"id":9452,"href":"https:\/\/blog.phoenixcontact.com\/hr-de\/wp-json\/wp\/v2\/posts\/9178\/revisions\/9452"}],"wp:featuredmedia":[{"embeddable":true,"href":"https:\/\/blog.phoenixcontact.com\/hr-de\/wp-json\/wp\/v2\/media\/9180"}],"wp:attachment":[{"href":"https:\/\/blog.phoenixcontact.com\/hr-de\/wp-json\/wp\/v2\/media?parent=9178"}],"wp:term":[{"taxonomy":"category","embeddable":true,"href":"https:\/\/blog.phoenixcontact.com\/hr-de\/wp-json\/wp\/v2\/categories?post=9178"},{"taxonomy":"post_tag","embeddable":true,"href":"https:\/\/blog.phoenixcontact.com\/hr-de\/wp-json\/wp\/v2\/tags?post=9178"}],"curies":[{"name":"wp","href":"https:\/\/api.w.org\/{rel}","templated":true}]}}