{"id":1692,"date":"2016-11-15T12:00:52","date_gmt":"2016-11-15T11:00:52","guid":{"rendered":"http:\/\/blog.phoenixcontact.com\/hr-de\/?p=1692"},"modified":"2022-11-17T08:42:33","modified_gmt":"2022-11-17T07:42:33","slug":"berufswahlforum_1","status":"publish","type":"post","link":"https:\/\/blog.phoenixcontact.com\/hr-de\/berufswahlforum_1\/","title":{"rendered":"&#8222;Ich will Vielfalt gestalten&#8220;"},"content":{"rendered":"<p>Wie schon angek\u00fcndigt, findet am Freitag, den 1. Dezember das Berufswahlforum statt. Diese Veranstaltung liegt uns am Herzen. Deshalb wollen wir ab heute bis Ende dieser Woche jeweils einen der Vortragenden vorstellen, die von Phoenix Contact dabei sein werden.<\/p>\n Frank St\u00fchrenberg informiert beim Berufswahlforum\n<p><!--more-->Und gleich als Erster ist Frank St\u00fchrenberg dran, der Vorsitzende unserer Gesch\u00e4ftsf\u00fchrung.<\/p>\n<p>Er studierte Wirtschaftswissenschaften mit Schwerpunkt Wirtschaftsinformatik an der Universit\u00e4t Paderborn. Dann kam er 1992 zu Phoenix Contact, wo er als Assistent der Gesch\u00e4ftsleitung Vertrieb, Marketing und Entwicklung startete. 1995 \u00fcbernahm er die Leitung des internationalen Key Account Managements, 1998 die Leitung des Vertriebs Deutschland. Im Jahr 2001 wurde Frank St\u00fchrenberg in die Gesch\u00e4ftsf\u00fchrung von Phoenix Contact berufen und ist seit dem 1. Januar 2015 Vorsitzender der Gesch\u00e4ftsf\u00fchrung (CEO).<\/p>\n<p>Sein Motto: \u201eMeine Leidenschaft ist es, Vielfalt in einem Unternehmen zu gestalten. Daf\u00fcr muss ich meinen Mitarbeiterinnen und Mitarbeitern Freiraum lassen.\u201c<\/p>\n<p>Mehr wollen wir aber nicht verraten, denn das erfahrt ihr am<\/p>\n<p>1. Dezember ab 17 Uhr<\/p>\n<p>Wo? Technische Hochschule Ostwestfalen-Lippe in Detmold, Emilienstra\u00dfe 45, Geb\u00e4ude 3.<\/p>\n<p>Meldet euch also schnell an bis zum 17. November per Mail an <a href=\"mailto:Berufswahlforum@arbeitsagentur.de\">Berufswahlforum@arbeitsagentur.de<\/a><\/p>\n","protected":false},"excerpt":{"rendered":"<p>Wie schon angek\u00fcndigt, findet am Freitag, den 1. Dezember das Berufswahlforum statt. Diese Veranstaltung liegt uns am Herzen. Deshalb wollen wir ab heute bis Ende dieser Woche jeweils einen der Vortragenden vorstellen, die von Phoenix Contact dabei sein werden.<\/p>\n","protected":false},"author":334,"featured_media":0,"comment_status":"open","ping_status":"open","sticky":false,"template":"","format":"standard","meta":{"footnotes":""},"categories":[587],"tags":[55,43,238,54,24,51,103,101],"class_list":["post-1692","post","type-post","status-publish","format-standard","hentry","category-gettoknowphoenixcontact","tag-ausbildung","tag-bachelorarbeit","tag-berufswahlforum","tag-duales-studium","tag-international","tag-student","tag-studenten","tag-veranstaltung"],"yoast_head":"<!-- This site is optimized with the Yoast SEO plugin v24.7 - https:\/\/yoast.com\/wordpress\/plugins\/seo\/ -->\n<title>&quot;Ich will Vielfalt gestalten&quot; | PHOENIX CONTACT<\/title>\n<meta name=\"robots\" content=\"index, follow, max-snippet:-1, max-image-preview:large, max-video-preview:-1\" \/>\n<link rel=\"canonical\" href=\"https:\/\/blog.phoenixcontact.com\/hr-de\/berufswahlforum_1\/\" \/>\n<meta property=\"og:locale\" content=\"de_DE\" \/>\n<meta property=\"og:type\" content=\"article\" \/>\n<meta property=\"og:title\" content=\"&quot;Ich will Vielfalt gestalten&quot; | PHOENIX CONTACT\" \/>\n<meta property=\"og:description\" content=\"Wie schon angek\u00fcndigt, findet am Freitag, den 1. Dezember das Berufswahlforum statt. Diese Veranstaltung liegt uns am Herzen. Deshalb wollen wir ab heute bis Ende dieser Woche jeweils einen der Vortragenden vorstellen, die von Phoenix Contact dabei sein werden.\" \/>\n<meta property=\"og:url\" content=\"https:\/\/blog.phoenixcontact.com\/hr-de\/berufswahlforum_1\/\" \/>\n<meta property=\"og:site_name\" content=\"PHOENIX CONTACT\" \/>\n<meta property=\"article:published_time\" content=\"2016-11-15T11:00:52+00:00\" \/>\n<meta property=\"article:modified_time\" content=\"2022-11-17T07:42:33+00:00\" \/>\n<meta name=\"author\" content=\"Sophie Heil\" \/>\n<meta name=\"twitter:card\" content=\"summary_large_image\" \/>\n<meta name=\"twitter:label1\" content=\"Verfasst von\" \/>\n\t<meta name=\"twitter:data1\" content=\"Sophie Heil\" \/>\n\t<meta name=\"twitter:label2\" content=\"Gesch\u00e4tzte Lesezeit\" \/>\n\t<meta name=\"twitter:data2\" content=\"1\u00a0Minute\" \/>\n<script type=\"application\/ld+json\" class=\"yoast-schema-graph\">{\"@context\":\"https:\/\/schema.org\",\"@graph\":[{\"@type\":\"WebPage\",\"@id\":\"https:\/\/blog.phoenixcontact.com\/hr-de\/berufswahlforum_1\/\",\"url\":\"https:\/\/blog.phoenixcontact.com\/hr-de\/berufswahlforum_1\/\",\"name\":\"\\\"Ich will Vielfalt gestalten\\\" | PHOENIX CONTACT\",\"isPartOf\":{\"@id\":\"https:\/\/blog.phoenixcontact.com\/hr-de\/#website\"},\"datePublished\":\"2016-11-15T11:00:52+00:00\",\"dateModified\":\"2022-11-17T07:42:33+00:00\",\"author\":{\"@id\":\"https:\/\/blog.phoenixcontact.com\/hr-de\/#\/schema\/person\/20eda3e7c1a46c16cd60cb3379aff916\"},\"breadcrumb\":{\"@id\":\"https:\/\/blog.phoenixcontact.com\/hr-de\/berufswahlforum_1\/#breadcrumb\"},\"inLanguage\":\"de\",\"potentialAction\":[{\"@type\":\"ReadAction\",\"target\":[\"https:\/\/blog.phoenixcontact.com\/hr-de\/berufswahlforum_1\/\"]}]},{\"@type\":\"BreadcrumbList\",\"@id\":\"https:\/\/blog.phoenixcontact.com\/hr-de\/berufswahlforum_1\/#breadcrumb\",\"itemListElement\":[{\"@type\":\"ListItem\",\"position\":1,\"name\":\"Startseite\",\"item\":\"https:\/\/blog.phoenixcontact.com\/hr-de\/\"},{\"@type\":\"ListItem\",\"position\":2,\"name\":\"&#8222;Ich will Vielfalt gestalten&#8220;\"}]},{\"@type\":\"WebSite\",\"@id\":\"https:\/\/blog.phoenixcontact.com\/hr-de\/#website\",\"url\":\"https:\/\/blog.phoenixcontact.com\/hr-de\/\",\"name\":\"PHOENIX CONTACT\",\"description\":\"PHOENIX CONTACT\",\"potentialAction\":[{\"@type\":\"SearchAction\",\"target\":{\"@type\":\"EntryPoint\",\"urlTemplate\":\"https:\/\/blog.phoenixcontact.com\/hr-de\/?s={search_term_string}\"},\"query-input\":{\"@type\":\"PropertyValueSpecification\",\"valueRequired\":true,\"valueName\":\"search_term_string\"}}],\"inLanguage\":\"de\"},{\"@type\":\"Person\",\"@id\":\"https:\/\/blog.phoenixcontact.com\/hr-de\/#\/schema\/person\/20eda3e7c1a46c16cd60cb3379aff916\",\"name\":\"Sophie Heil\",\"image\":{\"@type\":\"ImageObject\",\"inLanguage\":\"de\",\"@id\":\"https:\/\/blog.phoenixcontact.com\/hr-de\/#\/schema\/person\/image\/\",\"url\":\"https:\/\/blog.phoenixcontact.com\/hr-de\/wp-includes\/images\/blank.gif\",\"contentUrl\":\"https:\/\/blog.phoenixcontact.com\/hr-de\/wp-includes\/images\/blank.gif\",\"caption\":\"Sophie Heil\"},\"url\":\"https:\/\/blog.phoenixcontact.com\/hr-de\/author\/ijsd7w\/\"}]}<\/script>\n<!-- \/ Yoast SEO plugin. -->","yoast_head_json":{"title":"\"Ich will Vielfalt gestalten\" | PHOENIX CONTACT","robots":{"index":"index","follow":"follow","max-snippet":"max-snippet:-1","max-image-preview":"max-image-preview:large","max-video-preview":"max-video-preview:-1"},"canonical":"https:\/\/blog.phoenixcontact.com\/hr-de\/berufswahlforum_1\/","og_locale":"de_DE","og_type":"article","og_title":"\"Ich will Vielfalt gestalten\" | PHOENIX CONTACT","og_description":"Wie schon angek\u00fcndigt, findet am Freitag, den 1. Dezember das Berufswahlforum statt. Diese Veranstaltung liegt uns am Herzen. Deshalb wollen wir ab heute bis Ende dieser Woche jeweils einen der Vortragenden vorstellen, die von Phoenix Contact dabei sein werden.","og_url":"https:\/\/blog.phoenixcontact.com\/hr-de\/berufswahlforum_1\/","og_site_name":"PHOENIX CONTACT","article_published_time":"2016-11-15T11:00:52+00:00","article_modified_time":"2022-11-17T07:42:33+00:00","author":"Sophie Heil","twitter_card":"summary_large_image","twitter_misc":{"Verfasst von":"Sophie Heil","Gesch\u00e4tzte Lesezeit":"1\u00a0Minute"},"schema":{"@context":"https:\/\/schema.org","@graph":[{"@type":"WebPage","@id":"https:\/\/blog.phoenixcontact.com\/hr-de\/berufswahlforum_1\/","url":"https:\/\/blog.phoenixcontact.com\/hr-de\/berufswahlforum_1\/","name":"\"Ich will Vielfalt gestalten\" | PHOENIX CONTACT","isPartOf":{"@id":"https:\/\/blog.phoenixcontact.com\/hr-de\/#website"},"datePublished":"2016-11-15T11:00:52+00:00","dateModified":"2022-11-17T07:42:33+00:00","author":{"@id":"https:\/\/blog.phoenixcontact.com\/hr-de\/#\/schema\/person\/20eda3e7c1a46c16cd60cb3379aff916"},"breadcrumb":{"@id":"https:\/\/blog.phoenixcontact.com\/hr-de\/berufswahlforum_1\/#breadcrumb"},"inLanguage":"de","potentialAction":[{"@type":"ReadAction","target":["https:\/\/blog.phoenixcontact.com\/hr-de\/berufswahlforum_1\/"]}]},{"@type":"BreadcrumbList","@id":"https:\/\/blog.phoenixcontact.com\/hr-de\/berufswahlforum_1\/#breadcrumb","itemListElement":[{"@type":"ListItem","position":1,"name":"Startseite","item":"https:\/\/blog.phoenixcontact.com\/hr-de\/"},{"@type":"ListItem","position":2,"name":"&#8222;Ich will Vielfalt gestalten&#8220;"}]},{"@type":"WebSite","@id":"https:\/\/blog.phoenixcontact.com\/hr-de\/#website","url":"https:\/\/blog.phoenixcontact.com\/hr-de\/","name":"PHOENIX CONTACT","description":"PHOENIX CONTACT","potentialAction":[{"@type":"SearchAction","target":{"@type":"EntryPoint","urlTemplate":"https:\/\/blog.phoenixcontact.com\/hr-de\/?s={search_term_string}"},"query-input":{"@type":"PropertyValueSpecification","valueRequired":true,"valueName":"search_term_string"}}],"inLanguage":"de"},{"@type":"Person","@id":"https:\/\/blog.phoenixcontact.com\/hr-de\/#\/schema\/person\/20eda3e7c1a46c16cd60cb3379aff916","name":"Sophie Heil","image":{"@type":"ImageObject","inLanguage":"de","@id":"https:\/\/blog.phoenixcontact.com\/hr-de\/#\/schema\/person\/image\/","url":"https:\/\/blog.phoenixcontact.com\/hr-de\/wp-includes\/images\/blank.gif","contentUrl":"https:\/\/blog.phoenixcontact.com\/hr-de\/wp-includes\/images\/blank.gif","caption":"Sophie Heil"},"url":"https:\/\/blog.phoenixcontact.com\/hr-de\/author\/ijsd7w\/"}]}},"post_mailing_queue_ids":[],"_links":{"self":[{"href":"https:\/\/blog.phoenixcontact.com\/hr-de\/wp-json\/wp\/v2\/posts\/1692","targetHints":{"allow":["GET"]}}],"collection":[{"href":"https:\/\/blog.phoenixcontact.com\/hr-de\/wp-json\/wp\/v2\/posts"}],"about":[{"href":"https:\/\/blog.phoenixcontact.com\/hr-de\/wp-json\/wp\/v2\/types\/post"}],"author":[{"embeddable":true,"href":"https:\/\/blog.phoenixcontact.com\/hr-de\/wp-json\/wp\/v2\/users\/334"}],"replies":[{"embeddable":true,"href":"https:\/\/blog.phoenixcontact.com\/hr-de\/wp-json\/wp\/v2\/comments?post=1692"}],"version-history":[{"count":6,"href":"https:\/\/blog.phoenixcontact.com\/hr-de\/wp-json\/wp\/v2\/posts\/1692\/revisions"}],"predecessor-version":[{"id":10983,"href":"https:\/\/blog.phoenixcontact.com\/hr-de\/wp-json\/wp\/v2\/posts\/1692\/revisions\/10983"}],"wp:attachment":[{"href":"https:\/\/blog.phoenixcontact.com\/hr-de\/wp-json\/wp\/v2\/media?parent=1692"}],"wp:term":[{"taxonomy":"category","embeddable":true,"href":"https:\/\/blog.phoenixcontact.com\/hr-de\/wp-json\/wp\/v2\/categories?post=1692"},{"taxonomy":"post_tag","embeddable":true,"href":"https:\/\/blog.phoenixcontact.com\/hr-de\/wp-json\/wp\/v2\/tags?post=1692"}],"curies":[{"name":"wp","href":"https:\/\/api.w.org\/{rel}","templated":true}]}}