{"id":11035,"date":"2022-12-01T07:00:00","date_gmt":"2022-12-01T06:00:00","guid":{"rendered":"http:\/\/blog.phoenixcontact.com\/hr-de\/?p=11035"},"modified":"2022-12-05T09:41:16","modified_gmt":"2022-12-05T08:41:16","slug":"von-beginn-an-mittendrin-neues-traineeprogramm-connections-nr","status":"publish","type":"post","link":"https:\/\/blog.phoenixcontact.com\/hr-de\/von-beginn-an-mittendrin-neues-traineeprogramm-connections-nr\/","title":{"rendered":"Von Beginn an mittendrin: neues Traineeprogramm \u201eConnections\u201c"},"content":{"rendered":"\n<p><strong>Raus aus der Uni oder Fachhochschule und sofort einsteigen in ein internationales Technologieunternehmen \u2013 mit wechselnden Aufgaben in unterschiedlichen Unternehmensbereichen.&nbsp;Das neue Traineeprogramm \u201eConnections\u201c von Phoenix Contact ist ein Einstieg mit&nbsp;F\u00f6rderungscharakter. Individuell zugeschnitten werden Blickwinkel aus unterschiedlichen Unternehmensbereichen im In- und Ausland geboten, um das Verst\u00e4ndnis f\u00fcr prozessuale und fachliche Zusammenh\u00e4nge voranzutreiben.<\/strong><\/p>\n\n\n\n<!--more-->\n\n\n\n<p><em>In der Themenstrecke \u201eSicherheit und Zukunftsperspektiven bieten\u201c geben wir einen \u00dcberblick \u00fcber die Einstiegsm\u00f6glichkeiten bei Phoenix Contact. F\u00fcr diese Geschichte sprachen wir mit Jana Michael und Maximilian Putz. Sie durchlaufen seit September das Traineeprogramm bei Phoenix Contact. Gemeinsam mit dem Leiter des Programms, Alexander Sch\u00f6n, geben sie einen Einblick in das innovative Konzept.<\/em><\/p>\n\n\n<div class=\"wp-block-image\">\n<figure class=\"alignleft size-large is-resized\"><a href=\"http:\/\/blog.phoenixcontact.com\/hr-de\/wp-content\/uploads\/sites\/2\/2022\/12\/00161871.jpg\"><img loading=\"lazy\" decoding=\"async\" src=\"http:\/\/blog.phoenixcontact.com\/hr-de\/wp-content\/uploads\/sites\/2\/2022\/12\/00161871-683x1024.jpg\" alt=\"\" class=\"wp-image-11044\" width=\"342\" height=\"512\" srcset=\"https:\/\/blog.phoenixcontact.com\/hr-de\/wp-content\/uploads\/sites\/2\/2022\/12\/00161871-683x1024.jpg 683w, https:\/\/blog.phoenixcontact.com\/hr-de\/wp-content\/uploads\/sites\/2\/2022\/12\/00161871-200x300.jpg 200w, https:\/\/blog.phoenixcontact.com\/hr-de\/wp-content\/uploads\/sites\/2\/2022\/12\/00161871-768x1151.jpg 768w, https:\/\/blog.phoenixcontact.com\/hr-de\/wp-content\/uploads\/sites\/2\/2022\/12\/00161871.jpg 1024w\" sizes=\"auto, (max-width: 342px) 100vw, 342px\" \/><\/a><figcaption>Alexander Sch\u00f6n<\/figcaption><\/figure><\/div>\n\n\n<p>Alexander Sch\u00f6n ist Senior Consultant im Trainee-Management und steuert das Programm. Ziel sei, vor allem Bachelor- oder Masterstudenten innerhalb von zw\u00f6lf Monaten \u201ePhoenix Contact\u201c-fit zu machen, sagt er. Dabei wird der \u201eTrainingsplan\u201c f\u00fcr jeden Trainee ganz individuell f\u00fcr die zuk\u00fcnftige Stelle erstellt. Ein gemeinsames Rahmenprogramm f\u00fcr alle Trainees rundet die Ma\u00dfnahme ab. Alexander Sch\u00f6n: \u201eWir wollen, dass unsere Trainees ein maximal umfassendes Bild vom Unternehmen bekommen und gleich ein gro\u00dfes Netzwerk aufbauen, um voll integriert im dann neuen Job zu starten.\u201c Zu jeder Zeit steht den Trainees dabei fachliche sowie pers\u00f6nliche Unterst\u00fctzung durch direkte Ansprechpartnerinnen und Ansprechpartner, Mentorinnen und Mentoren sowie Buddys zur Verf\u00fcgung.<\/p>\n\n\n\n<h2 class=\"wp-block-heading\"><strong>Frischer Wind f\u00fcr neue Ideen<\/strong><\/h2>\n\n\n\n<p>Alexander Sch\u00f6n formuliert die Idee so: \u201eZiel des Programms ist, dass sich die Trainees in sehr kurzer Zeit sehr intensiv im Unternehmen vernetzen \u2013 und das nicht nur innerhalb ihrer Fachsilos, sondern auch \u00fcber alle anderen m\u00f6glichen relevanten internationalen Bereiche hinweg.\u201c Gleichzeitig br\u00e4chten die jungen, top ausgebildeten Leute ihr State-of-the-Art-Wissen und neue Sichtweisen ins Unternehmen. Alexander Sch\u00f6n: \u201eDas erm\u00f6glicht uns, ganz neue Perspektiven zu gewinnen und innovativ zu bleiben.\u201c&nbsp;<\/p>\n\n\n\n<p>Mit einem global \u00fcbergreifenden Projekt habe au\u00dferdem jeder Trainee ein internationales Thema im Gep\u00e4ck. \u201eSo erfahren wir, was in den anderen L\u00e4ndern l\u00e4uft, k\u00f6nnen voneinander lernen und uns gemeinsam verbessern.\u201c<\/p>\n\n\n\n<h2 class=\"wp-block-heading\"><strong>Internationales Projektthema im Rucksack<\/strong><\/h2>\n\n\n<div class=\"wp-block-image\">\n<figure class=\"alignright size-full is-resized\"><a href=\"http:\/\/blog.phoenixcontact.com\/hr-de\/wp-content\/uploads\/sites\/2\/2022\/12\/00161875.jpg\"><img loading=\"lazy\" decoding=\"async\" src=\"http:\/\/blog.phoenixcontact.com\/hr-de\/wp-content\/uploads\/sites\/2\/2022\/12\/00161875.jpg\" alt=\"\" class=\"wp-image-11045\" width=\"512\" height=\"341\" srcset=\"https:\/\/blog.phoenixcontact.com\/hr-de\/wp-content\/uploads\/sites\/2\/2022\/12\/00161875.jpg 1024w, https:\/\/blog.phoenixcontact.com\/hr-de\/wp-content\/uploads\/sites\/2\/2022\/12\/00161875-300x200.jpg 300w, https:\/\/blog.phoenixcontact.com\/hr-de\/wp-content\/uploads\/sites\/2\/2022\/12\/00161875-768x512.jpg 768w\" sizes=\"auto, (max-width: 512px) 100vw, 512px\" \/><\/a><figcaption>Maximilian Putz<\/figcaption><\/figure><\/div>\n\n\n<p>Maximilian Putz ist schon mittendrin im Geschehen. \u201eIch bin derzeit in unserem Gesch\u00e4ftsbereich Device Connectors in der schnittstellen\u00fcbergreifenden Funktion eines Resident Engineers eingesetzt und \u00fcberwache ein Kundenprojekt.&nbsp;Die Herausforderungen auf beiden Seiten mitzuverfolgen \u2013 der Kundenseite und der Entwicklungsseite \u2013 und L\u00f6sungen zu entwickeln, finde ich extrem spannend. Die sehr kooperative Zusammenarbeit im Projektumfeld hilft, die t\u00e4glich neuen Eindr\u00fccke und Erfahrungen zu interpretieren, zu analysieren und stetig dazuzulernen.\u201c<\/p>\n\n\n\n<p>Sein Projektthema lautet:&nbsp;\u201eNeugestaltung der Zusammenarbeit der Manufacturing Solutions und unseren Business Partnern bei der Planung und Spezifikation von Produktionsl\u00f6sungen.\u201c Der internationale Aspekt des Projekts reizt besonders. \u201eIch werde die M\u00f6glichkeit haben, Phoenix Contact auch im Ausland kennenzulernen. Andere Kulturen, sich unterscheidende Prozesse und Systemumgebungen \u2013 all das sind wichtige Erfahrungen, auf welche ich mich schon jetzt freue.\u201c<\/p>\n\n\n\n<h2 class=\"wp-block-heading\"><strong>Von Blomberg in die ganze Welt<\/strong><\/h2>\n\n\n\n<p>&nbsp;\u201eMit unseren Produktionsstandorten auf der ganzen Welt sind wir ein internationales Unternehmen und wir wachsen international weiter\u201c, erkl\u00e4rt Alexander Sch\u00f6n. \u201eWir haben da gigantisches Potenzial an Wissen, L\u00f6sungen, Best Practices. Das wollen wir besser nutzen.\u201c Die Trainees sollen diese vielf\u00e4ltigen internationalen Perspektiven in die lippische Zentrale bringen.<\/p>\n\n\n<div class=\"wp-block-image\">\n<figure class=\"alignleft size-large is-resized\"><a href=\"http:\/\/blog.phoenixcontact.com\/hr-de\/wp-content\/uploads\/sites\/2\/2022\/12\/00161868.jpg\"><img loading=\"lazy\" decoding=\"async\" src=\"http:\/\/blog.phoenixcontact.com\/hr-de\/wp-content\/uploads\/sites\/2\/2022\/12\/00161868-714x1024.jpg\" alt=\"\" class=\"wp-image-11046\" width=\"357\" height=\"512\" srcset=\"https:\/\/blog.phoenixcontact.com\/hr-de\/wp-content\/uploads\/sites\/2\/2022\/12\/00161868-714x1024.jpg 714w, https:\/\/blog.phoenixcontact.com\/hr-de\/wp-content\/uploads\/sites\/2\/2022\/12\/00161868-209x300.jpg 209w, https:\/\/blog.phoenixcontact.com\/hr-de\/wp-content\/uploads\/sites\/2\/2022\/12\/00161868-768x1101.jpg 768w, https:\/\/blog.phoenixcontact.com\/hr-de\/wp-content\/uploads\/sites\/2\/2022\/12\/00161868.jpg 1024w\" sizes=\"auto, (max-width: 357px) 100vw, 357px\" \/><\/a><figcaption>Jana Michael<\/figcaption><\/figure><\/div>\n\n\n<p>Vier bis sechs Wochen sollen diese Auslandsaufenthalte dauern \u2013 da gibt es viele M\u00f6glichkeiten, sich zu vernetzen. F\u00fcr Jana Michael wird es schon im Februar 2023 konkret:&nbsp;\u201eIm Anschluss an meine Rotation in der Personal- und Organisationsentwicklung unseres Gesch\u00e4ftsbereichs Industrial Components and Electronics geht es f\u00fcr mich Anfang n\u00e4chsten Jahres mit dem Thema \u201a180\u00b0 Feedback\u2019 im Gep\u00e4ck in die USA. Dort werde ich die Kolleginnen und Kollegen bei der Durchf\u00fchrung eines Piloten unterst\u00fctzen. Die zweite Station wird wahrscheinlich ein k\u00fcrzerer Besuch in Polen sein.\u201c<\/p>\n\n\n\n<p>F\u00fcr Maximilian Putz soll es im ersten Quartal 2023 nach Indien gehen. Auch ein k\u00fcrzerer Aufenthalt in Polen ist in Planung. \u201eDerzeit sind wir in der konkreten Planungsphase und diskutieren themenspezifische Verantwortungsbereiche, denen ich mich vor Ort annehmen kann\u201c, so Maximilian Putz.<\/p>\n\n\n\n<h2 class=\"wp-block-heading\"><strong>\u00dcbernahmegarantie f\u00fcr Trainees<\/strong><\/h2>\n\n\n\n<p>Maximal individuell und gleichzeitig fester Bestandteil des neuen \u201eConnections\u201c-Programms sind auch&nbsp;begleitende Seminare und Workshops zur beruflichen sowie zur pers\u00f6nlichen Weiterentwicklung.&nbsp;<\/p>\n\n\n\n<p>Alexander Sch\u00f6n erkl\u00e4rt diesen Teil des Programms: \u201eAlle Bestandteile sind so angelegt, dass wir unseren Trainees von Anfang an die besten Bedingungen geben wollen, sich pers\u00f6nlich und fachlich optimal zu entwickeln. Dazu geh\u00f6rt nat\u00fcrlich auch ein individuelles, pers\u00f6nliches Entwicklungsprogramm.\u201c&nbsp;<\/p>\n\n\n\n<p>Denn Phoenix Contact plant mit seinen Mitarbeitenden langfristig. Daher starten die Trainees von Anfang an in einem unbefristeten Tarifarbeitsverh\u00e4ltnis. \u201eJunge, top ausgebildete Menschen sind f\u00fcr die nachhaltige Entwicklung unseres Unternehmens sehr wichtig. Deshalb hat das Thema bei den Verantwortlichen in unserem Unternehmen auch sehr gro\u00dfe Aufmerksamkeit und Unterst\u00fctzung.\u201c&nbsp;<\/p>\n\n\n\n<p><em>Mehr als 30 Traineestellen werden in naher Zukunft bei Phoenix Contact ausgeschrieben. Gesucht werden ingenieurtechnische und IT-Expertinnen und Experten sowie kaufm\u00e4nnische und juristische Professionals.<\/em><br><em>Wollt ihr mehr \u00fcber die M\u00f6glichkeiten, bei Phoenix Contact als Trainee erfahren? Dann schaut auf unserer <a href=\"https:\/\/karriere.phoenixcontact.com\/de-DE\/jobs-karriere\/traineeprogramm.html\">Webseite zum Traineeprogramm \u201eConnections\u201c<\/a> vorbei. Mehr Infos auch direkt bei <a href=\"https:\/\/www.linkedin.com\/in\/alexander-sch%C3%B6n-a1469121\/\">Alexander Sch\u00f6n<\/a>.<\/em><\/p>\n\n\n\n<p>Maximilian Putz spricht auch im Podcast &#8222;career to go&#8220; von Studydrive \u00fcber seine Erfahrungen als Trainee bei Phoenix Contact. Hier gelangt ihr zur Folge: <a href=\"https:\/\/open.spotify.com\/episode\/2tbsyWBMgyQT6PfoHWPuR8?si=M2CFpyIWRymgRMP8iuwFwQ&amp;nd=1\">#143 T\u00fcr\u00f6ffner Traineeship<\/a><\/p>\n","protected":false},"excerpt":{"rendered":"<p>Raus aus der Uni oder Fachhochschule und sofort einsteigen in ein internationales Technologieunternehmen \u2013 mit wechselnden Aufgaben in unterschiedlichen Unternehmensbereichen.&nbsp;Das neue Traineeprogramm \u201eConnections\u201c von Phoenix Contact ist ein Einstieg mit&nbsp;F\u00f6rderungscharakter. Individuell zugeschnitten werden Blickwinkel aus unterschiedlichen Unternehmensbereichen im In- und Ausland geboten, um das Verst\u00e4ndnis f\u00fcr prozessuale und fachliche Zusammenh\u00e4nge voranzutreiben.<\/p>\n","protected":false},"author":334,"featured_media":11047,"comment_status":"open","ping_status":"open","sticky":false,"template":"","format":"standard","meta":{"footnotes":""},"categories":[1483,587],"tags":[457,118,3434,115,3433],"class_list":["post-11035","post","type-post","status-publish","format-standard","has-post-thumbnail","hentry","category-employeestories","category-gettoknowphoenixcontact","tag-absolvent","tag-absolventen","tag-berufseinsteiger","tag-berufseinstieg","tag-trainee"],"yoast_head":"<!-- This site is optimized with the Yoast SEO plugin v24.7 - https:\/\/yoast.com\/wordpress\/plugins\/seo\/ -->\n<title>Von Beginn an mittendrin: neues Traineeprogramm \u201eConnections\u201c | PHOENIX CONTACT<\/title>\n<meta name=\"description\" content=\"Das neue Traineeprogramm \u201eConnections\u201c von Phoenix Contact ist ein Einstieg mit F\u00f6rderungscharakter. Erfahrt mehr dar\u00fcber im Blogbeitrag.\" \/>\n<meta name=\"robots\" content=\"index, follow, max-snippet:-1, max-image-preview:large, max-video-preview:-1\" \/>\n<link rel=\"canonical\" href=\"https:\/\/blog.phoenixcontact.com\/hr-de\/von-beginn-an-mittendrin-neues-traineeprogramm-connections-nr\/\" \/>\n<meta property=\"og:locale\" content=\"de_DE\" \/>\n<meta property=\"og:type\" content=\"article\" \/>\n<meta property=\"og:title\" content=\"Von Beginn an mittendrin: neues Traineeprogramm \u201eConnections\u201c | PHOENIX CONTACT\" \/>\n<meta property=\"og:description\" content=\"Das neue Traineeprogramm \u201eConnections\u201c von Phoenix Contact ist ein Einstieg mit F\u00f6rderungscharakter. Erfahrt mehr dar\u00fcber im Blogbeitrag.\" \/>\n<meta property=\"og:url\" content=\"https:\/\/blog.phoenixcontact.com\/hr-de\/von-beginn-an-mittendrin-neues-traineeprogramm-connections-nr\/\" \/>\n<meta property=\"og:site_name\" content=\"PHOENIX CONTACT\" \/>\n<meta property=\"article:published_time\" content=\"2022-12-01T06:00:00+00:00\" \/>\n<meta property=\"article:modified_time\" content=\"2022-12-05T08:41:16+00:00\" \/>\n<meta property=\"og:image\" content=\"https:\/\/blog.phoenixcontact.com\/hr-de\/wp-content\/uploads\/sites\/2\/2022\/12\/00161867.jpg\" \/>\n\t<meta property=\"og:image:width\" content=\"1024\" \/>\n\t<meta property=\"og:image:height\" content=\"687\" \/>\n\t<meta property=\"og:image:type\" content=\"image\/jpeg\" \/>\n<meta name=\"author\" content=\"Sophie Heil\" \/>\n<meta name=\"twitter:card\" content=\"summary_large_image\" \/>\n<meta name=\"twitter:label1\" content=\"Verfasst von\" \/>\n\t<meta name=\"twitter:data1\" content=\"Sophie Heil\" \/>\n\t<meta name=\"twitter:label2\" content=\"Gesch\u00e4tzte Lesezeit\" \/>\n\t<meta name=\"twitter:data2\" content=\"6\u00a0Minuten\" \/>\n<script type=\"application\/ld+json\" class=\"yoast-schema-graph\">{\"@context\":\"https:\/\/schema.org\",\"@graph\":[{\"@type\":\"WebPage\",\"@id\":\"https:\/\/blog.phoenixcontact.com\/hr-de\/von-beginn-an-mittendrin-neues-traineeprogramm-connections-nr\/\",\"url\":\"https:\/\/blog.phoenixcontact.com\/hr-de\/von-beginn-an-mittendrin-neues-traineeprogramm-connections-nr\/\",\"name\":\"Von Beginn an mittendrin: neues Traineeprogramm \u201eConnections\u201c | PHOENIX CONTACT\",\"isPartOf\":{\"@id\":\"https:\/\/blog.phoenixcontact.com\/hr-de\/#website\"},\"primaryImageOfPage\":{\"@id\":\"https:\/\/blog.phoenixcontact.com\/hr-de\/von-beginn-an-mittendrin-neues-traineeprogramm-connections-nr\/#primaryimage\"},\"image\":{\"@id\":\"https:\/\/blog.phoenixcontact.com\/hr-de\/von-beginn-an-mittendrin-neues-traineeprogramm-connections-nr\/#primaryimage\"},\"thumbnailUrl\":\"https:\/\/blog.phoenixcontact.com\/hr-de\/wp-content\/uploads\/sites\/2\/2022\/12\/00161867.jpg\",\"datePublished\":\"2022-12-01T06:00:00+00:00\",\"dateModified\":\"2022-12-05T08:41:16+00:00\",\"author\":{\"@id\":\"https:\/\/blog.phoenixcontact.com\/hr-de\/#\/schema\/person\/20eda3e7c1a46c16cd60cb3379aff916\"},\"description\":\"Das neue Traineeprogramm \u201eConnections\u201c von Phoenix Contact ist ein Einstieg mit F\u00f6rderungscharakter. Erfahrt mehr dar\u00fcber im Blogbeitrag.\",\"breadcrumb\":{\"@id\":\"https:\/\/blog.phoenixcontact.com\/hr-de\/von-beginn-an-mittendrin-neues-traineeprogramm-connections-nr\/#breadcrumb\"},\"inLanguage\":\"de\",\"potentialAction\":[{\"@type\":\"ReadAction\",\"target\":[\"https:\/\/blog.phoenixcontact.com\/hr-de\/von-beginn-an-mittendrin-neues-traineeprogramm-connections-nr\/\"]}]},{\"@type\":\"ImageObject\",\"inLanguage\":\"de\",\"@id\":\"https:\/\/blog.phoenixcontact.com\/hr-de\/von-beginn-an-mittendrin-neues-traineeprogramm-connections-nr\/#primaryimage\",\"url\":\"https:\/\/blog.phoenixcontact.com\/hr-de\/wp-content\/uploads\/sites\/2\/2022\/12\/00161867.jpg\",\"contentUrl\":\"https:\/\/blog.phoenixcontact.com\/hr-de\/wp-content\/uploads\/sites\/2\/2022\/12\/00161867.jpg\",\"width\":1024,\"height\":687},{\"@type\":\"BreadcrumbList\",\"@id\":\"https:\/\/blog.phoenixcontact.com\/hr-de\/von-beginn-an-mittendrin-neues-traineeprogramm-connections-nr\/#breadcrumb\",\"itemListElement\":[{\"@type\":\"ListItem\",\"position\":1,\"name\":\"Startseite\",\"item\":\"https:\/\/blog.phoenixcontact.com\/hr-de\/\"},{\"@type\":\"ListItem\",\"position\":2,\"name\":\"Von Beginn an mittendrin: neues Traineeprogramm \u201eConnections\u201c\"}]},{\"@type\":\"WebSite\",\"@id\":\"https:\/\/blog.phoenixcontact.com\/hr-de\/#website\",\"url\":\"https:\/\/blog.phoenixcontact.com\/hr-de\/\",\"name\":\"PHOENIX CONTACT\",\"description\":\"PHOENIX CONTACT\",\"potentialAction\":[{\"@type\":\"SearchAction\",\"target\":{\"@type\":\"EntryPoint\",\"urlTemplate\":\"https:\/\/blog.phoenixcontact.com\/hr-de\/?s={search_term_string}\"},\"query-input\":{\"@type\":\"PropertyValueSpecification\",\"valueRequired\":true,\"valueName\":\"search_term_string\"}}],\"inLanguage\":\"de\"},{\"@type\":\"Person\",\"@id\":\"https:\/\/blog.phoenixcontact.com\/hr-de\/#\/schema\/person\/20eda3e7c1a46c16cd60cb3379aff916\",\"name\":\"Sophie Heil\",\"image\":{\"@type\":\"ImageObject\",\"inLanguage\":\"de\",\"@id\":\"https:\/\/blog.phoenixcontact.com\/hr-de\/#\/schema\/person\/image\/\",\"url\":\"https:\/\/blog.phoenixcontact.com\/hr-de\/wp-includes\/images\/blank.gif\",\"contentUrl\":\"https:\/\/blog.phoenixcontact.com\/hr-de\/wp-includes\/images\/blank.gif\",\"caption\":\"Sophie Heil\"},\"url\":\"https:\/\/blog.phoenixcontact.com\/hr-de\/author\/ijsd7w\/\"}]}<\/script>\n<!-- \/ Yoast SEO plugin. -->","yoast_head_json":{"title":"Von Beginn an mittendrin: neues Traineeprogramm \u201eConnections\u201c | PHOENIX CONTACT","description":"Das neue Traineeprogramm \u201eConnections\u201c von Phoenix Contact ist ein Einstieg mit F\u00f6rderungscharakter. Erfahrt mehr dar\u00fcber im Blogbeitrag.","robots":{"index":"index","follow":"follow","max-snippet":"max-snippet:-1","max-image-preview":"max-image-preview:large","max-video-preview":"max-video-preview:-1"},"canonical":"https:\/\/blog.phoenixcontact.com\/hr-de\/von-beginn-an-mittendrin-neues-traineeprogramm-connections-nr\/","og_locale":"de_DE","og_type":"article","og_title":"Von Beginn an mittendrin: neues Traineeprogramm \u201eConnections\u201c | PHOENIX CONTACT","og_description":"Das neue Traineeprogramm \u201eConnections\u201c von Phoenix Contact ist ein Einstieg mit F\u00f6rderungscharakter. Erfahrt mehr dar\u00fcber im Blogbeitrag.","og_url":"https:\/\/blog.phoenixcontact.com\/hr-de\/von-beginn-an-mittendrin-neues-traineeprogramm-connections-nr\/","og_site_name":"PHOENIX CONTACT","article_published_time":"2022-12-01T06:00:00+00:00","article_modified_time":"2022-12-05T08:41:16+00:00","og_image":[{"width":1024,"height":687,"url":"https:\/\/blog.phoenixcontact.com\/hr-de\/wp-content\/uploads\/sites\/2\/2022\/12\/00161867.jpg","type":"image\/jpeg"}],"author":"Sophie Heil","twitter_card":"summary_large_image","twitter_misc":{"Verfasst von":"Sophie Heil","Gesch\u00e4tzte Lesezeit":"6\u00a0Minuten"},"schema":{"@context":"https:\/\/schema.org","@graph":[{"@type":"WebPage","@id":"https:\/\/blog.phoenixcontact.com\/hr-de\/von-beginn-an-mittendrin-neues-traineeprogramm-connections-nr\/","url":"https:\/\/blog.phoenixcontact.com\/hr-de\/von-beginn-an-mittendrin-neues-traineeprogramm-connections-nr\/","name":"Von Beginn an mittendrin: neues Traineeprogramm \u201eConnections\u201c | PHOENIX CONTACT","isPartOf":{"@id":"https:\/\/blog.phoenixcontact.com\/hr-de\/#website"},"primaryImageOfPage":{"@id":"https:\/\/blog.phoenixcontact.com\/hr-de\/von-beginn-an-mittendrin-neues-traineeprogramm-connections-nr\/#primaryimage"},"image":{"@id":"https:\/\/blog.phoenixcontact.com\/hr-de\/von-beginn-an-mittendrin-neues-traineeprogramm-connections-nr\/#primaryimage"},"thumbnailUrl":"https:\/\/blog.phoenixcontact.com\/hr-de\/wp-content\/uploads\/sites\/2\/2022\/12\/00161867.jpg","datePublished":"2022-12-01T06:00:00+00:00","dateModified":"2022-12-05T08:41:16+00:00","author":{"@id":"https:\/\/blog.phoenixcontact.com\/hr-de\/#\/schema\/person\/20eda3e7c1a46c16cd60cb3379aff916"},"description":"Das neue Traineeprogramm \u201eConnections\u201c von Phoenix Contact ist ein Einstieg mit F\u00f6rderungscharakter. Erfahrt mehr dar\u00fcber im Blogbeitrag.","breadcrumb":{"@id":"https:\/\/blog.phoenixcontact.com\/hr-de\/von-beginn-an-mittendrin-neues-traineeprogramm-connections-nr\/#breadcrumb"},"inLanguage":"de","potentialAction":[{"@type":"ReadAction","target":["https:\/\/blog.phoenixcontact.com\/hr-de\/von-beginn-an-mittendrin-neues-traineeprogramm-connections-nr\/"]}]},{"@type":"ImageObject","inLanguage":"de","@id":"https:\/\/blog.phoenixcontact.com\/hr-de\/von-beginn-an-mittendrin-neues-traineeprogramm-connections-nr\/#primaryimage","url":"https:\/\/blog.phoenixcontact.com\/hr-de\/wp-content\/uploads\/sites\/2\/2022\/12\/00161867.jpg","contentUrl":"https:\/\/blog.phoenixcontact.com\/hr-de\/wp-content\/uploads\/sites\/2\/2022\/12\/00161867.jpg","width":1024,"height":687},{"@type":"BreadcrumbList","@id":"https:\/\/blog.phoenixcontact.com\/hr-de\/von-beginn-an-mittendrin-neues-traineeprogramm-connections-nr\/#breadcrumb","itemListElement":[{"@type":"ListItem","position":1,"name":"Startseite","item":"https:\/\/blog.phoenixcontact.com\/hr-de\/"},{"@type":"ListItem","position":2,"name":"Von Beginn an mittendrin: neues Traineeprogramm \u201eConnections\u201c"}]},{"@type":"WebSite","@id":"https:\/\/blog.phoenixcontact.com\/hr-de\/#website","url":"https:\/\/blog.phoenixcontact.com\/hr-de\/","name":"PHOENIX CONTACT","description":"PHOENIX CONTACT","potentialAction":[{"@type":"SearchAction","target":{"@type":"EntryPoint","urlTemplate":"https:\/\/blog.phoenixcontact.com\/hr-de\/?s={search_term_string}"},"query-input":{"@type":"PropertyValueSpecification","valueRequired":true,"valueName":"search_term_string"}}],"inLanguage":"de"},{"@type":"Person","@id":"https:\/\/blog.phoenixcontact.com\/hr-de\/#\/schema\/person\/20eda3e7c1a46c16cd60cb3379aff916","name":"Sophie Heil","image":{"@type":"ImageObject","inLanguage":"de","@id":"https:\/\/blog.phoenixcontact.com\/hr-de\/#\/schema\/person\/image\/","url":"https:\/\/blog.phoenixcontact.com\/hr-de\/wp-includes\/images\/blank.gif","contentUrl":"https:\/\/blog.phoenixcontact.com\/hr-de\/wp-includes\/images\/blank.gif","caption":"Sophie Heil"},"url":"https:\/\/blog.phoenixcontact.com\/hr-de\/author\/ijsd7w\/"}]}},"post_mailing_queue_ids":[],"_links":{"self":[{"href":"https:\/\/blog.phoenixcontact.com\/hr-de\/wp-json\/wp\/v2\/posts\/11035","targetHints":{"allow":["GET"]}}],"collection":[{"href":"https:\/\/blog.phoenixcontact.com\/hr-de\/wp-json\/wp\/v2\/posts"}],"about":[{"href":"https:\/\/blog.phoenixcontact.com\/hr-de\/wp-json\/wp\/v2\/types\/post"}],"author":[{"embeddable":true,"href":"https:\/\/blog.phoenixcontact.com\/hr-de\/wp-json\/wp\/v2\/users\/334"}],"replies":[{"embeddable":true,"href":"https:\/\/blog.phoenixcontact.com\/hr-de\/wp-json\/wp\/v2\/comments?post=11035"}],"version-history":[{"count":5,"href":"https:\/\/blog.phoenixcontact.com\/hr-de\/wp-json\/wp\/v2\/posts\/11035\/revisions"}],"predecessor-version":[{"id":11050,"href":"https:\/\/blog.phoenixcontact.com\/hr-de\/wp-json\/wp\/v2\/posts\/11035\/revisions\/11050"}],"wp:featuredmedia":[{"embeddable":true,"href":"https:\/\/blog.phoenixcontact.com\/hr-de\/wp-json\/wp\/v2\/media\/11047"}],"wp:attachment":[{"href":"https:\/\/blog.phoenixcontact.com\/hr-de\/wp-json\/wp\/v2\/media?parent=11035"}],"wp:term":[{"taxonomy":"category","embeddable":true,"href":"https:\/\/blog.phoenixcontact.com\/hr-de\/wp-json\/wp\/v2\/categories?post=11035"},{"taxonomy":"post_tag","embeddable":true,"href":"https:\/\/blog.phoenixcontact.com\/hr-de\/wp-json\/wp\/v2\/tags?post=11035"}],"curies":[{"name":"wp","href":"https:\/\/api.w.org\/{rel}","templated":true}]}}